{"id":91717,"date":"2026-01-23T12:26:06","date_gmt":"2026-01-23T12:26:06","guid":{"rendered":"https:\/\/www.europesays.com\/ee\/91717\/"},"modified":"2026-01-23T12:26:06","modified_gmt":"2026-01-23T12:26:06","slug":"kreml-soja-loppemiseks-peavad-ukraina-relvajoud-donbassist-lahkuma","status":"publish","type":"post","link":"https:\/\/www.europesays.com\/ee\/91717\/","title":{"rendered":"Kreml: s\u00f5ja l\u00f5ppemiseks peavad Ukraina relvaj\u00f5ud Donbassist lahkuma"},"content":{"rendered":"<p>\u201eOn h\u00e4sti teada <a rel=\"noopener nofollow\" target=\"_blank\" href=\"https:\/\/www.delfi.ee\/teema\/3\/venemaa\" tag-id=\"3\">Venemaa<\/a> positsioon selle kohta, et Ukraina, Ukraina relvaj\u00f5ud peavad lahkuma Donbassi territooriumilt, need tuleb sealt v\u00e4lja viia. See on v\u00e4ga t\u00e4htis tingimus. On ka teisi n\u00fcansse, mis j\u00e4\u00e4vad l\u00e4bir\u00e4\u00e4kimiste p\u00e4evakorda,\u201c \u00fctles Peskov ajakirjanikele, vahendab Interfax.<\/p>\n<p>Lisaks sellele \u00fctles Peskov, et <a rel=\"noopener nofollow\" target=\"_blank\" href=\"https:\/\/www.delfi.ee\/teema\/22871535\/moskva\" tag-id=\"22871535\">Moskva<\/a> ei taha avalikult l\u00e4bir\u00e4\u00e4kimiste detailidesse laskuda, sest ei pea seda otstarbekaks.<\/p>\n<p>Venemaa-<a rel=\"noopener nofollow\" target=\"_blank\" href=\"https:\/\/www.delfi.ee\/teema\/22971743\/usa\" tag-id=\"22971743\">USA<\/a>-Ukraina kolmepoolne t\u00f6\u00f6grupp koguneb Araabia \u00dchendemiraatide pealinnas <a rel=\"noopener nofollow\" target=\"_blank\" href=\"https:\/\/www.delfi.ee\/teema\/24940649\/abu-dhabi\" tag-id=\"24940649\">Abu Dhabis<\/a> t\u00e4na ja vajaduse korral ka homme, teatas Peskov.<\/p>\n<p>Peskovi s\u00f5nul koosneb Venemaa delegatsioon t\u00e4ielikult kaitseministeeriumi esindajatest.<\/p>\n<p>\u201eDonbassi k\u00fcsimus on peamine. Seda hakatakse arutama ja arutama modaalsust, kuidas kolm poolt seda Abu Dhabis n\u00e4evad. T\u00e4na ja homme,\u201c \u00fctles Zelensk\u00f5i.<\/p>\n<p>Kuidas see lugu Sind end tundma pani? Saada <\/p>\n","protected":false},"excerpt":{"rendered":"\u201eOn h\u00e4sti teada Venemaa positsioon selle kohta, et Ukraina, Ukraina relvaj\u00f5ud peavad lahkuma Donbassi territooriumilt, need tuleb sealt&hellip;\n","protected":false},"author":2,"featured_media":91718,"comment_status":"","ping_status":"","sticky":false,"template":"","format":"standard","meta":{"footnotes":""},"categories":[80],"tags":[23759,13378,26,27,944,5006,37,33,35,34,36,31,32,21,28,29,95,108,19,25,107,23,24,262,22,325,20,96,30,263,92,93,94],"class_list":{"0":"post-91717","1":"post","2":"type-post","3":"status-publish","4":"format-standard","5":"has-post-thumbnail","7":"category-maailm","8":"tag-abu-dhabi","9":"tag-araabia-uhendemiraadid","10":"tag-breaking-news","11":"tag-breakingnews","12":"tag-dmitri-peskov","13":"tag-donbass","14":"tag-ee","15":"tag-eesti","16":"tag-eesti-keel","17":"tag-estonia","18":"tag-estonian","19":"tag-featured-news","20":"tag-featurednews","21":"tag-headlines","22":"tag-latest-news","23":"tag-latestnews","24":"tag-maailm","25":"tag-moskva","26":"tag-news","27":"tag-populaarseimad-lood","28":"tag-soda-ukrainas","29":"tag-top-stories","30":"tag-topstories","31":"tag-ukraina","32":"tag-uldised-uudised","33":"tag-usa","34":"tag-uudised","35":"tag-venemaa","36":"tag-viimased-uudised","37":"tag-volodomor-zelenskoi","38":"tag-world","39":"tag-world-news","40":"tag-worldnews"},"share_on_mastodon":{"url":"https:\/\/pubeurope.com\/@ee\/115944409306584704","error":""},"_links":{"self":[{"href":"https:\/\/www.europesays.com\/ee\/wp-json\/wp\/v2\/posts\/91717","targetHints":{"allow":["GET"]}}],"collection":[{"href":"https:\/\/www.europesays.com\/ee\/wp-json\/wp\/v2\/posts"}],"about":[{"href":"https:\/\/www.europesays.com\/ee\/wp-json\/wp\/v2\/types\/post"}],"author":[{"embeddable":true,"href":"https:\/\/www.europesays.com\/ee\/wp-json\/wp\/v2\/users\/2"}],"replies":[{"embeddable":true,"href":"https:\/\/www.europesays.com\/ee\/wp-json\/wp\/v2\/comments?post=91717"}],"version-history":[{"count":0,"href":"https:\/\/www.europesays.com\/ee\/wp-json\/wp\/v2\/posts\/91717\/revisions"}],"wp:featuredmedia":[{"embeddable":true,"href":"https:\/\/www.europesays.com\/ee\/wp-json\/wp\/v2\/media\/91718"}],"wp:attachment":[{"href":"https:\/\/www.europesays.com\/ee\/wp-json\/wp\/v2\/media?parent=91717"}],"wp:term":[{"taxonomy":"category","embeddable":true,"href":"https:\/\/www.europesays.com\/ee\/wp-json\/wp\/v2\/categories?post=91717"},{"taxonomy":"post_tag","embeddable":true,"href":"https:\/\/www.europesays.com\/ee\/wp-json\/wp\/v2\/tags?post=91717"}],"curies":[{"name":"wp","href":"https:\/\/api.w.org\/{rel}","templated":true}]}}