{"id":91846,"date":"2026-01-23T14:57:06","date_gmt":"2026-01-23T14:57:06","guid":{"rendered":"https:\/\/www.europesays.com\/ee\/91846\/"},"modified":"2026-01-23T14:57:06","modified_gmt":"2026-01-23T14:57:06","slug":"siret-esko-labisaamisest-poja-kallima-alikaga-meie-pere-on-nuud-lihtsalt-suurem","status":"publish","type":"post","link":"https:\/\/www.europesays.com\/ee\/91846\/","title":{"rendered":"Siret Esko l\u00e4bisaamisest poja kallima Alikaga: meie pere on n\u00fc\u00fcd lihtsalt suurem"},"content":{"rendered":"<p>Siretil on kaksikutest filmimaailma sukeldunud pojad <a rel=\"noopener nofollow\" target=\"_blank\" href=\"https:\/\/www.delfi.ee\/teema\/96863273\/romet-esko\" tag-id=\"96863273\">Romet Esko<\/a> ja <a rel=\"noopener nofollow\" target=\"_blank\" href=\"https:\/\/www.delfi.ee\/teema\/96862080\/raul-esko\" tag-id=\"96862080\">Raul Esko<\/a>, neist viimati mainitu on lauljanna <a rel=\"noopener nofollow\" target=\"_blank\" href=\"https:\/\/www.delfi.ee\/teema\/96849656\/alika\" tag-id=\"96849656\">Alika<\/a> kallim. <\/p>\n<p>Siret t\u00f5deb, et saab Alikaga v\u00e4ga h\u00e4sti l\u00e4bi. \u201eTeise poja girlfriend\u2019iga saame ka suurep\u00e4raselt l\u00e4bi. Meie pere on n\u00fc\u00fcd lihtsalt suurem. M\u00e4letan, et kunagi k\u00fcsis \u00fcks tuttav: mis sa teeksid, kui su poegadele tuleksid sellised t\u00fcdrukud, kes sulle \u00fcldse ei meeldi? Ma \u00fctlesin juba siis, et ma ei usu, et see v\u00f5imalik on. Kui su lemmikinimene maailmas valib endale ideaalse partneri, kes on tema jaoks t\u00e4iuslik, siis kuidas ta ei saaks mulle meeldida? Loomulikult saab,\u201c r\u00e4\u00e4gib Siret.<\/p>\n<p>Alikat v\u00f5is n\u00e4ha mitmeid kordi ka Tallinna moen\u00e4dala laval Sireti loomingut kandmas. M\u00f6\u00f6dunud aasta s\u00fcgisese Tallinn Fashion Weeki teine p\u00e4ev sai glamuurse sissejuhatuse Siret Designi uue kollektsiooniga \u201e1001 \u00f6\u00f6d\u201c, mis on inspireeritud P\u00e4rsia lahe ja Araabia maade atmosf\u00e4\u00e4rist. Alika tutvustas toona publikule kahte r\u00f5ivakomplekti. Esmalt p\u00fc\u00fcdis ta pilke valges r\u00f5ivakomplektis. Alikal oli seljas maani valge mantel, samas toonis topp ja lumivalged l\u00fchikesed p\u00fcksid. Jalas olid tal l\u00e4bipaistvad valgete detailidega sukad ja kontskingad. Alikal oli efektne meik ja r\u00f5ivakomplekti t\u00e4iustasid kuldsed k\u00f5rvar\u00f5ngad.<\/p>\n<p>Kuidas see lugu Sind end tundma pani? Saada <a href=\"https:\/\/kroonika.delfi.ee\/artikkel\/120431466\/siret-esko-labisaamisest-poja-kallima-alikaga-meie-pere-on-nuud-lihtsalt-suurem\/kommentaarid\" class=\"article-body-bottom__comment article-body-bottom__comment--write button button--primary button--size-auto\" rel=\"nofollow noopener\" target=\"_blank\"> Kommenteeri <\/a><a href=\"https:\/\/kroonika.delfi.ee\/artikkel\/120431466\/siret-esko-labisaamisest-poja-kallima-alikaga-meie-pere-on-nuud-lihtsalt-suurem\/kommentaarid\" class=\"article-body-bottom__comment article-body-bottom__comment--read button button--size-auto\" rel=\"nofollow noopener\" target=\"_blank\"> Loe kommentaare <\/a><\/p>\n","protected":false},"excerpt":{"rendered":"Siretil on kaksikutest filmimaailma sukeldunud pojad Romet Esko ja Raul Esko, neist viimati mainitu on lauljanna Alika kallim.&hellip;\n","protected":false},"author":2,"featured_media":91847,"comment_status":"","ping_status":"","sticky":false,"template":"","format":"standard","meta":{"footnotes":"","_share_on_mastodon":"0"},"categories":[16],"tags":[4101,37,33,35,173,34,36,140,12960,14386,44839],"class_list":["post-91846","post","type-post","status-publish","format-standard","has-post-thumbnail","category-meelelahutus","tag-alika","tag-ee","tag-eesti","tag-eesti-keel","tag-entertainment","tag-estonia","tag-estonian","tag-meelelahutus","tag-raul-esko","tag-romet-esko","tag-siret-esko"],"share_on_mastodon":{"url":"https:\/\/pubeurope.com\/@ee\/115945002978187979","error":""},"_links":{"self":[{"href":"https:\/\/www.europesays.com\/ee\/wp-json\/wp\/v2\/posts\/91846","targetHints":{"allow":["GET"]}}],"collection":[{"href":"https:\/\/www.europesays.com\/ee\/wp-json\/wp\/v2\/posts"}],"about":[{"href":"https:\/\/www.europesays.com\/ee\/wp-json\/wp\/v2\/types\/post"}],"author":[{"embeddable":true,"href":"https:\/\/www.europesays.com\/ee\/wp-json\/wp\/v2\/users\/2"}],"replies":[{"embeddable":true,"href":"https:\/\/www.europesays.com\/ee\/wp-json\/wp\/v2\/comments?post=91846"}],"version-history":[{"count":0,"href":"https:\/\/www.europesays.com\/ee\/wp-json\/wp\/v2\/posts\/91846\/revisions"}],"wp:featuredmedia":[{"embeddable":true,"href":"https:\/\/www.europesays.com\/ee\/wp-json\/wp\/v2\/media\/91847"}],"wp:attachment":[{"href":"https:\/\/www.europesays.com\/ee\/wp-json\/wp\/v2\/media?parent=91846"}],"wp:term":[{"taxonomy":"category","embeddable":true,"href":"https:\/\/www.europesays.com\/ee\/wp-json\/wp\/v2\/categories?post=91846"},{"taxonomy":"post_tag","embeddable":true,"href":"https:\/\/www.europesays.com\/ee\/wp-json\/wp\/v2\/tags?post=91846"}],"curies":[{"name":"wp","href":"https:\/\/api.w.org\/{rel}","templated":true}]}}