{"id":92066,"date":"2026-01-23T21:12:08","date_gmt":"2026-01-23T21:12:08","guid":{"rendered":"https:\/\/www.europesays.com\/ee\/92066\/"},"modified":"2026-01-23T21:12:08","modified_gmt":"2026-01-23T21:12:08","slug":"teiseks-huppeks-kindluse-leidnud-prevc-haaras-lennumae-mm-il-liidrikoha-suusahupped","status":"publish","type":"post","link":"https:\/\/www.europesays.com\/ee\/92066\/","title":{"rendered":"Teiseks h\u00fcppeks kindluse leidnud Prevc haaras lennum\u00e4e MM-il liidrikoha | Suusah\u00fcpped"},"content":{"rendered":"<p>Saksamaal Oberstdorfis toimuvatel lennum\u00e4e maailmameistriv\u00f5istlustel juhib avap\u00e4eva j\u00e4rel Sloveenia suusah\u00fcppet\u00e4ht Domen Prevc.<\/p>\n<p>Avavoorus 204 meetrit h\u00fcpanud ja nelja aasta taguse maailmameistri Marius Lindviki j\u00e4rel teine olnud Prevc sai teises h\u00fcppevoorus kirja juba 224,5 meetrit ja on 442,2 punktiga kindlalt esikohal.<\/p>\n<p>224,5 ja p\u00e4eva pikim, 230,5 meetri pikkune h\u00fcpe hoiavad 428,2 punktiga teisel kohal jaapanlast Ren Nikaidot. Lindvik lisas 226,5-meetrisele h\u00fcppele teises voorus 212-meetrise \u00f5hulennu ja on 420,3 punktiga kolmas.<\/p>\n<p>&#8220;Ma ei teinud esimeses voorus kuigi hea h\u00fcppe ja tingimused polnud samuti parimad. N\u00fc\u00fcd on meil korralik v\u00f5itlus. Tuul muutus pidevalt ja p\u00e4ris mitu suusah\u00fcppajat kogesid seet\u00f5ttu eba\u00f5nne. Mul on v\u00e4ga hea meel, et teises voorus \u00f5nnestus teha hea h\u00fcpe, n\u00fc\u00fcd saan rahus magama minna,&#8221; kommenteeris Prevc.<\/p>\n<p>Prevcide peres \u00fcks individuaalne lennum\u00e4e MM-tiitel juba on, kui Domeni vend Peter v\u00f5idutses t\u00e4pselt k\u00fcmme aastat tagasi Bad Mitterndorfis. MK-sarja \u00fcldliider on Sloveenia kahel korral meeskondliku kullani aidanud, aga individuaalselt pole veel pjedestaalile j\u00f5udnud. V\u00f5istkondlikult selgub maailmameister p\u00fchap\u00e4eval.<\/p>\n","protected":false},"excerpt":{"rendered":"Saksamaal Oberstdorfis toimuvatel lennum\u00e4e maailmameistriv\u00f5istlustel juhib avap\u00e4eva j\u00e4rel Sloveenia suusah\u00fcppet\u00e4ht Domen Prevc. Avavoorus 204 meetrit h\u00fcpanud ja nelja&hellip;\n","protected":false},"author":2,"featured_media":92067,"comment_status":"","ping_status":"","sticky":false,"template":"","format":"standard","meta":{"footnotes":"","_share_on_mastodon":"0"},"categories":[18],"tags":[1703,37,33,35,34,36,44612,159,158],"class_list":["post-92066","post","type-post","status-publish","format-standard","has-post-thumbnail","category-sport","tag-domen-prevc","tag-ee","tag-eesti","tag-eesti-keel","tag-estonia","tag-estonian","tag-lennumae-mm","tag-sport","tag-sports"],"share_on_mastodon":{"url":"https:\/\/pubeurope.com\/@ee\/115946477458848340","error":""},"_links":{"self":[{"href":"https:\/\/www.europesays.com\/ee\/wp-json\/wp\/v2\/posts\/92066","targetHints":{"allow":["GET"]}}],"collection":[{"href":"https:\/\/www.europesays.com\/ee\/wp-json\/wp\/v2\/posts"}],"about":[{"href":"https:\/\/www.europesays.com\/ee\/wp-json\/wp\/v2\/types\/post"}],"author":[{"embeddable":true,"href":"https:\/\/www.europesays.com\/ee\/wp-json\/wp\/v2\/users\/2"}],"replies":[{"embeddable":true,"href":"https:\/\/www.europesays.com\/ee\/wp-json\/wp\/v2\/comments?post=92066"}],"version-history":[{"count":0,"href":"https:\/\/www.europesays.com\/ee\/wp-json\/wp\/v2\/posts\/92066\/revisions"}],"wp:featuredmedia":[{"embeddable":true,"href":"https:\/\/www.europesays.com\/ee\/wp-json\/wp\/v2\/media\/92067"}],"wp:attachment":[{"href":"https:\/\/www.europesays.com\/ee\/wp-json\/wp\/v2\/media?parent=92066"}],"wp:term":[{"taxonomy":"category","embeddable":true,"href":"https:\/\/www.europesays.com\/ee\/wp-json\/wp\/v2\/categories?post=92066"},{"taxonomy":"post_tag","embeddable":true,"href":"https:\/\/www.europesays.com\/ee\/wp-json\/wp\/v2\/tags?post=92066"}],"curies":[{"name":"wp","href":"https:\/\/api.w.org\/{rel}","templated":true}]}}