{"id":92074,"date":"2026-01-23T21:27:15","date_gmt":"2026-01-23T21:27:15","guid":{"rendered":"https:\/\/www.europesays.com\/ee\/92074\/"},"modified":"2026-01-23T21:27:15","modified_gmt":"2026-01-23T21:27:15","slug":"miks-tartu-voimuliit-emo-visiiditasu-kusimuses-lagunes","status":"publish","type":"post","link":"https:\/\/www.europesays.com\/ee\/92074\/","title":{"rendered":"Miks Tartu v\u00f5imuliit EMO visiiditasu k\u00fcsimuses lagunes?"},"content":{"rendered":"<p>Tartu linnavolikogu l\u00fckkas h\u00e4\u00e4ltega 18 : 15 tagasi ettepaneku, mis oleks muutnud lastele ja noortele Tartu \u00fclikooli kliinikumi EMOs k\u00e4igu tasuliseks. Lisaks opositsioonisaadikutele h\u00e4\u00e4letasid visiiditasu h\u00fcvitamise j\u00e4tkamise ka Isamaa fraktsiooni kuuluvad Kris K\u00e4rner, Sandra Laur ja Allan Unt. Seejuures mitmed v\u00f5imuliidu saadikud puudusid h\u00e4\u00e4letuselt.<\/p>\n","protected":false},"excerpt":{"rendered":"Tartu linnavolikogu l\u00fckkas h\u00e4\u00e4ltega 18 : 15 tagasi ettepaneku, mis oleks muutnud lastele ja noortele Tartu \u00fclikooli kliinikumi&hellip;\n","protected":false},"author":2,"featured_media":56588,"comment_status":"","ping_status":"","sticky":false,"template":"","format":"standard","meta":{"footnotes":"","_share_on_mastodon":"0"},"categories":[5],"tags":[44924,26,27,12525,37,33,35,44923,34,36,31,32,21,44922,13387,12521,28,29,44925,25829,12524,19,25,5832,8674,16227,7288,3827,3144,28810,23,24,22,20,30],"class_list":["post-92074","post","type-post","status-publish","format-standard","has-post-thumbnail","category-uldised-uudised","tag-allan-unt","tag-breaking-news","tag-breakingnews","tag-daniel-koiv","tag-ee","tag-eesti","tag-eesti-keel","tag-emo-visiiditasu","tag-estonia","tag-estonian","tag-featured-news","tag-featurednews","tag-headlines","tag-isamaa-fraktsioon","tag-kaspar-kokk","tag-kris-karner","tag-latest-news","tag-latestnews","tag-majanduskomisjon","tag-merle-kivest","tag-mihkel-lees","tag-news","tag-populaarseimad-lood","tag-sandra-laur","tag-sotsiaalkomisjon","tag-tartu-koalitsioon","tag-tartu-linnavolikogu","tag-tartu-ulikooli-kliinikum","tag-tonis-lukas","tag-toomas-kapp","tag-top-stories","tag-topstories","tag-uldised-uudised","tag-uudised","tag-viimased-uudised"],"share_on_mastodon":{"url":"","error":"Validation failed: Text character limit of 500 exceeded"},"_links":{"self":[{"href":"https:\/\/www.europesays.com\/ee\/wp-json\/wp\/v2\/posts\/92074","targetHints":{"allow":["GET"]}}],"collection":[{"href":"https:\/\/www.europesays.com\/ee\/wp-json\/wp\/v2\/posts"}],"about":[{"href":"https:\/\/www.europesays.com\/ee\/wp-json\/wp\/v2\/types\/post"}],"author":[{"embeddable":true,"href":"https:\/\/www.europesays.com\/ee\/wp-json\/wp\/v2\/users\/2"}],"replies":[{"embeddable":true,"href":"https:\/\/www.europesays.com\/ee\/wp-json\/wp\/v2\/comments?post=92074"}],"version-history":[{"count":0,"href":"https:\/\/www.europesays.com\/ee\/wp-json\/wp\/v2\/posts\/92074\/revisions"}],"wp:featuredmedia":[{"embeddable":true,"href":"https:\/\/www.europesays.com\/ee\/wp-json\/wp\/v2\/media\/56588"}],"wp:attachment":[{"href":"https:\/\/www.europesays.com\/ee\/wp-json\/wp\/v2\/media?parent=92074"}],"wp:term":[{"taxonomy":"category","embeddable":true,"href":"https:\/\/www.europesays.com\/ee\/wp-json\/wp\/v2\/categories?post=92074"},{"taxonomy":"post_tag","embeddable":true,"href":"https:\/\/www.europesays.com\/ee\/wp-json\/wp\/v2\/tags?post=92074"}],"curies":[{"name":"wp","href":"https:\/\/api.w.org\/{rel}","templated":true}]}}