{"id":92145,"date":"2026-01-24T03:39:07","date_gmt":"2026-01-24T03:39:07","guid":{"rendered":"https:\/\/www.europesays.com\/ee\/92145\/"},"modified":"2026-01-24T03:39:07","modified_gmt":"2026-01-24T03:39:07","slug":"lula-suudistab-trumpi-uue-uro-loomises-maailm-postimees-ee","status":"publish","type":"post","link":"https:\/\/www.europesays.com\/ee\/92145\/","title":{"rendered":"Lula s\u00fc\u00fcdistab Trumpi uue \u00dcRO loomises &#8211; Maailm &#8211; Postimees.ee"},"content":{"rendered":"<ol>\n<li><a href=\"https:\/\/news.google.com\/rss\/articles\/CBMif0FVX3lxTFBodGJGZzRtR2VJM3hjSzBKZnUzMi1OVVBGVTNZMzhJOHZYTzF0NElUQkxSNS1VM2o0bS1acXlBSUJoSzk5SWNWU1o5U2pxOERaM1lXakk4MHliQTUyYXBUY3N0U21JVUJoWEVsRHA5UjVSSF9abExWVFNOSzUzVW8?oc=5\" target=\"_blank\" rel=\"nofollow noopener\">Lula s\u00fc\u00fcdistab Trumpi uue \u00dcRO loomises<\/a>&nbsp;&nbsp;Maailm &#8211; Postimees.ee<\/li>\n<li><a href=\"https:\/\/news.google.com\/rss\/articles\/CBMijgFBVV95cUxOTVB0X0VTY0dpZmhmamdaYTdHSnU2WUZNUEUyRXQtdnUwUkxZMHhFcjJ6LWdkaktJUFVDUC02aDVoM2RkbmNnaXJqTzR0MTZIQWZCV05KM2JDSkV3QW5qNURCd0IwYzJPRGFWQ1BhaElOMTRUTFg5ZTRpNGZ5eXhkc3dxTkFUQ1dRTmpDNnVB?oc=5\" target=\"_blank\" rel=\"nofollow noopener\">Euroopa Liidule ei meeldi Trumpi suur v\u00f5im Rahun\u00f5ukogus<\/a>&nbsp;&nbsp;ERR<\/li>\n<li><a href=\"https:\/\/news.google.com\/rss\/articles\/CBMinwFBVV95cUxQVmFaNW9PaDV1Ul9NQWpjU193TVNZSW5vYUIxOWhPdTVkMUlRTUxmQzJYYkVlaS03cXp1dHd2Y193b1hjUEZEemNXbmlIN3pVbnM2bVpLT1BISHBNNXV2QkNWVFVHTjB6ZVhadDJpMzlSeHJXQWk1U2daWHd5Sjh4NkpfZm9aYzljWlM5aDg4dHdkMW5vTVFNTTIyY0hhdmc?oc=5\" target=\"_blank\" rel=\"nofollow noopener\">Trumpist saab p\u00e4rast presidendiametit maailma direktor<\/a>&nbsp;&nbsp;\u00c4rip\u00e4ev<\/li>\n<li><a href=\"https:\/\/news.google.com\/rss\/articles\/CBMingFBVV95cUxOZGhna0VsQ0g3dF94RVp4RDJISnMwUTBvSzlNeU9MVnRIdVBvTjdUcnIycWVvS1o3ZExBd1lqQnh3WHVfSXNraHFyRUg0NmthOUV4MXV3dFpHdFdvbVQ3MkpvcXpQQUk1VUJPckpwUFJVSjN3NG5za2YtT0lzSFRHbGRFTjJFdWYzaHczYllrYzVpajU2b1FfdWpDZHpxdw?oc=5\" target=\"_blank\" rel=\"nofollow noopener\">Trumpi miljardi dollari diplomaatiaklubi v\u00f5tab sihikule \u00dcRO<\/a>&nbsp;&nbsp;Majandus<\/li>\n<li><a href=\"https:\/\/news.google.com\/rss\/articles\/CBMingFBVV95cUxOZ3F0bUxqN19jTlY5WF9lS1Q1alA3MEM4Nk5KU1oxRTRiWThFal93dC1QSjMwd0ZjdXpjZ3NwNk94T01sRUJnNXVrWWNKMlZkX29BMWlXUkdQRXBsOFJsc0VJay1Wc1NIa05FUGxOVzM1RHAxc2dDbXJxQzVXTG5OV21DV2RqdTkxQnBYaHUwSmRrQ1JqbGlKTGl4MDVfZw?oc=5\" target=\"_blank\" rel=\"nofollow noopener\">CBS News: Trumpi rahun\u00f5ukoguga on liitunud \u00fcle k\u00fcmne riigi<\/a>&nbsp;&nbsp;Delfi<\/li>\n<\/ol>\n","protected":false},"excerpt":{"rendered":"Lula s\u00fc\u00fcdistab Trumpi uue \u00dcRO loomises&nbsp;&nbsp;Maailm &#8211; Postimees.ee Euroopa Liidule ei meeldi Trumpi suur v\u00f5im Rahun\u00f5ukogus&nbsp;&nbsp;ERR Trumpist saab&hellip;\n","protected":false},"author":2,"featured_media":92146,"comment_status":"","ping_status":"","sticky":false,"template":"","format":"standard","meta":{"footnotes":"","_share_on_mastodon":"0"},"categories":[80],"tags":[26,27,37,33,35,34,36,31,32,620,21,28,29,44949,95,19,25,52,660,4588,23,24,463,1786,22,20,26833,30,92,93,94,327],"class_list":["post-92145","post","type-post","status-publish","format-standard","has-post-thumbnail","category-maailm","tag-breaking-news","tag-breakingnews","tag-ee","tag-eesti","tag-eesti-keel","tag-estonia","tag-estonian","tag-featured-news","tag-featurednews","tag-gaza","tag-headlines","tag-latest-news","tag-latestnews","tag-lula","tag-maailm","tag-news","tag-populaarseimad-lood","tag-prantsusmaa","tag-suurbritannia","tag-sveits","tag-top-stories","tag-topstories","tag-trump","tag-uhinenud-rahvaste-organisatsioon","tag-uldised-uudised","tag-uudised","tag-vene-reziim","tag-viimased-uudised","tag-world","tag-world-news","tag-worldnews","tag-xi-jinping"],"share_on_mastodon":{"url":"https:\/\/pubeurope.com\/@ee\/115947999239439800","error":""},"_links":{"self":[{"href":"https:\/\/www.europesays.com\/ee\/wp-json\/wp\/v2\/posts\/92145","targetHints":{"allow":["GET"]}}],"collection":[{"href":"https:\/\/www.europesays.com\/ee\/wp-json\/wp\/v2\/posts"}],"about":[{"href":"https:\/\/www.europesays.com\/ee\/wp-json\/wp\/v2\/types\/post"}],"author":[{"embeddable":true,"href":"https:\/\/www.europesays.com\/ee\/wp-json\/wp\/v2\/users\/2"}],"replies":[{"embeddable":true,"href":"https:\/\/www.europesays.com\/ee\/wp-json\/wp\/v2\/comments?post=92145"}],"version-history":[{"count":0,"href":"https:\/\/www.europesays.com\/ee\/wp-json\/wp\/v2\/posts\/92145\/revisions"}],"wp:featuredmedia":[{"embeddable":true,"href":"https:\/\/www.europesays.com\/ee\/wp-json\/wp\/v2\/media\/92146"}],"wp:attachment":[{"href":"https:\/\/www.europesays.com\/ee\/wp-json\/wp\/v2\/media?parent=92145"}],"wp:term":[{"taxonomy":"category","embeddable":true,"href":"https:\/\/www.europesays.com\/ee\/wp-json\/wp\/v2\/categories?post=92145"},{"taxonomy":"post_tag","embeddable":true,"href":"https:\/\/www.europesays.com\/ee\/wp-json\/wp\/v2\/tags?post=92145"}],"curies":[{"name":"wp","href":"https:\/\/api.w.org\/{rel}","templated":true}]}}