{"id":92308,"date":"2026-01-24T09:54:08","date_gmt":"2026-01-24T09:54:08","guid":{"rendered":"https:\/\/www.europesays.com\/ee\/92308\/"},"modified":"2026-01-24T09:54:08","modified_gmt":"2026-01-24T09:54:08","slug":"advokaadid-olerexi-vaenu-ohutanud-vihjesusteemist-tookiusu-risk-kaasneb-sellega-kollektiivis-kindlasti","status":"publish","type":"post","link":"https:\/\/www.europesays.com\/ee\/92308\/","title":{"rendered":"Advokaadid Olerexi vaenu \u00f5hutanud vihjes\u00fcsteemist: t\u00f6\u00f6kiusu risk kaasneb sellega kollektiivis kindlasti"},"content":{"rendered":"<p>Advokaadib\u00fcroo COBALT t\u00f6\u00f6\u00f5igusele spetsialiseerinud vandeadvokaat Johanna-Britt Haabu selgitas, et antud juhul on t\u00f6\u00f6andja loonud vihjes\u00fcsteemi, mida <a rel=\"noopener nofollow\" target=\"_blank\" href=\"https:\/\/www.delfi.ee\/teema\/76566700\/seadus-0\" tag-id=\"76566700\">seadus<\/a> eraldi tegelikult ei reguleeri.<\/p>\n<p>T\u00f6\u00f6andja palub anda t\u00f6\u00f6tajatel teada kolleegide t\u00f6\u00f6\u00fclesannete mittekohasest t\u00e4itmisest, n\u00e4iteks hilinemisest, vormiriietuse mittej\u00e4rgimisest, reeglite eiramisest v\u00f5i t\u00f6\u00f6alasest lohakusest. \u201eSelliste rikkumiste suhtes ei kohaldu reeglina t\u00f6\u00f6alasest <a rel=\"noopener nofollow\" target=\"_blank\" href=\"https:\/\/www.delfi.ee\/teema\/25138591\/euroopa\" tag-id=\"25138591\">Euroopa<\/a> Liidu \u00f5iguse rikkumisest teavitaja kaitse seadusega ette n\u00e4htud regulatsioon,\u201c nentis Haabu.<\/p>\n<p>Oled juba tellija?Logi sisse<\/p>\n<p><a href=\"https:\/\/arileht.delfi.ee\/artikkel\/120430597\/advokaadid-olerexi-vaenu-ohutanud-vihjesusteemist-tookiusu-risk-kaasneb-sellega-kollektiivis-kindlasti\/kommentaarid\" class=\"article-body-bottom__comment article-body-bottom__comment--write button button--primary button--size-auto\" rel=\"nofollow noopener\" target=\"_blank\"> Kommenteeri <\/a><a href=\"https:\/\/arileht.delfi.ee\/artikkel\/120430597\/advokaadid-olerexi-vaenu-ohutanud-vihjesusteemist-tookiusu-risk-kaasneb-sellega-kollektiivis-kindlasti\/kommentaarid\" class=\"article-body-bottom__comment article-body-bottom__comment--read button button--size-auto\" rel=\"nofollow noopener\" target=\"_blank\"> Loe kommentaare (19)<\/a><\/p>\n","protected":false},"excerpt":{"rendered":"Advokaadib\u00fcroo COBALT t\u00f6\u00f6\u00f5igusele spetsialiseerinud vandeadvokaat Johanna-Britt Haabu selgitas, et antud juhul on t\u00f6\u00f6andja loonud vihjes\u00fcsteemi, mida seadus eraldi&hellip;\n","protected":false},"author":2,"featured_media":92309,"comment_status":"","ping_status":"","sticky":false,"template":"","format":"standard","meta":{"footnotes":"","_share_on_mastodon":"0"},"categories":[12],"tags":[26,27,37,33,35,34,36,112,31,32,21,28,29,19,25,2705,779,6024,2808,4077,4543,23,24,22,20,30],"class_list":["post-92308","post","type-post","status-publish","format-standard","has-post-thumbnail","category-eesti","tag-breaking-news","tag-breakingnews","tag-ee","tag-eesti","tag-eesti-keel","tag-estonia","tag-estonian","tag-euroopa","tag-featured-news","tag-featurednews","tag-headlines","tag-latest-news","tag-latestnews","tag-news","tag-populaarseimad-lood","tag-seadus","tag-seadused","tag-tooaeg","tag-tooandjad","tag-tookeskkond","tag-tooleping","tag-top-stories","tag-topstories","tag-uldised-uudised","tag-uudised","tag-viimased-uudised"],"share_on_mastodon":{"url":"https:\/\/pubeurope.com\/@ee\/115949473781631652","error":""},"_links":{"self":[{"href":"https:\/\/www.europesays.com\/ee\/wp-json\/wp\/v2\/posts\/92308","targetHints":{"allow":["GET"]}}],"collection":[{"href":"https:\/\/www.europesays.com\/ee\/wp-json\/wp\/v2\/posts"}],"about":[{"href":"https:\/\/www.europesays.com\/ee\/wp-json\/wp\/v2\/types\/post"}],"author":[{"embeddable":true,"href":"https:\/\/www.europesays.com\/ee\/wp-json\/wp\/v2\/users\/2"}],"replies":[{"embeddable":true,"href":"https:\/\/www.europesays.com\/ee\/wp-json\/wp\/v2\/comments?post=92308"}],"version-history":[{"count":0,"href":"https:\/\/www.europesays.com\/ee\/wp-json\/wp\/v2\/posts\/92308\/revisions"}],"wp:featuredmedia":[{"embeddable":true,"href":"https:\/\/www.europesays.com\/ee\/wp-json\/wp\/v2\/media\/92309"}],"wp:attachment":[{"href":"https:\/\/www.europesays.com\/ee\/wp-json\/wp\/v2\/media?parent=92308"}],"wp:term":[{"taxonomy":"category","embeddable":true,"href":"https:\/\/www.europesays.com\/ee\/wp-json\/wp\/v2\/categories?post=92308"},{"taxonomy":"post_tag","embeddable":true,"href":"https:\/\/www.europesays.com\/ee\/wp-json\/wp\/v2\/tags?post=92308"}],"curies":[{"name":"wp","href":"https:\/\/api.w.org\/{rel}","templated":true}]}}