{"id":92376,"date":"2026-01-24T11:51:06","date_gmt":"2026-01-24T11:51:06","guid":{"rendered":"https:\/\/www.europesays.com\/ee\/92376\/"},"modified":"2026-01-24T11:51:06","modified_gmt":"2026-01-24T11:51:06","slug":"vagev-vark-%e2%9f%a9-popstaar-robbie-williams-purustas-the-beatlesi-rekordi-ja-tegi-popmuusikaajalugu","status":"publish","type":"post","link":"https:\/\/www.europesays.com\/ee\/92376\/","title":{"rendered":"V\u00c4GEV V\u00c4RK \u27e9 Popstaar Robbie Williams purustas The Beatlesi rekordi ja tegi popmuusikaajalugu"},"content":{"rendered":"<p>Williamsi v\u00e4rskeim plaat \u00abBritpop\u00bb krooniti t\u00e4na, 23. jaanuaril, ametliku edetabeli (Official Chart) v\u00f5itjaks. See on laulja karj\u00e4\u00e4ri jooksul juba 16. album, mis on vallutanud Briti edetabelite tipu. Alates 1990ndatest, mil Williams lahkus ansamblist Take That ja alustas soolokarj\u00e4\u00e4ri, on vaid \u00fcks tema stuudioalbum \u2013 2009. aastal ilmunud \u00abReality Killed The Video Star\u00bb \u2013 j\u00e4\u00e4nud esikohata.<\/p>\n","protected":false},"excerpt":{"rendered":"Williamsi v\u00e4rskeim plaat \u00abBritpop\u00bb krooniti t\u00e4na, 23. jaanuaril, ametliku edetabeli (Official Chart) v\u00f5itjaks. See on laulja karj\u00e4\u00e4ri jooksul&hellip;\n","protected":false},"author":2,"featured_media":92377,"comment_status":"","ping_status":"","sticky":false,"template":"","format":"standard","meta":{"footnotes":"","_share_on_mastodon":"0"},"categories":[16],"tags":[45087,37,33,35,173,34,36,45085,140,24263,2211,45086,2109,10499],"class_list":["post-92376","post","type-post","status-publish","format-standard","has-post-thumbnail","category-meelelahutus","tag-britpop","tag-ee","tag-eesti","tag-eesti-keel","tag-entertainment","tag-estonia","tag-estonian","tag-martin-talbot","tag-meelelahutus","tag-paul-mccartney","tag-robbie-williams","tag-take-that","tag-taylor-swift","tag-the-beatles"],"share_on_mastodon":{"url":"https:\/\/pubeurope.com\/@ee\/115949934021024349","error":""},"_links":{"self":[{"href":"https:\/\/www.europesays.com\/ee\/wp-json\/wp\/v2\/posts\/92376","targetHints":{"allow":["GET"]}}],"collection":[{"href":"https:\/\/www.europesays.com\/ee\/wp-json\/wp\/v2\/posts"}],"about":[{"href":"https:\/\/www.europesays.com\/ee\/wp-json\/wp\/v2\/types\/post"}],"author":[{"embeddable":true,"href":"https:\/\/www.europesays.com\/ee\/wp-json\/wp\/v2\/users\/2"}],"replies":[{"embeddable":true,"href":"https:\/\/www.europesays.com\/ee\/wp-json\/wp\/v2\/comments?post=92376"}],"version-history":[{"count":0,"href":"https:\/\/www.europesays.com\/ee\/wp-json\/wp\/v2\/posts\/92376\/revisions"}],"wp:featuredmedia":[{"embeddable":true,"href":"https:\/\/www.europesays.com\/ee\/wp-json\/wp\/v2\/media\/92377"}],"wp:attachment":[{"href":"https:\/\/www.europesays.com\/ee\/wp-json\/wp\/v2\/media?parent=92376"}],"wp:term":[{"taxonomy":"category","embeddable":true,"href":"https:\/\/www.europesays.com\/ee\/wp-json\/wp\/v2\/categories?post=92376"},{"taxonomy":"post_tag","embeddable":true,"href":"https:\/\/www.europesays.com\/ee\/wp-json\/wp\/v2\/tags?post=92376"}],"curies":[{"name":"wp","href":"https:\/\/api.w.org\/{rel}","templated":true}]}}