{"id":92417,"date":"2026-01-24T13:00:33","date_gmt":"2026-01-24T13:00:33","guid":{"rendered":"https:\/\/www.europesays.com\/ee\/92417\/"},"modified":"2026-01-24T13:00:33","modified_gmt":"2026-01-24T13:00:33","slug":"soomes-sai-jaaaugust-paasemise-oppusel-37-ajateenijat-kulmakahjustusi","status":"publish","type":"post","link":"https:\/\/www.europesays.com\/ee\/92417\/","title":{"rendered":"Soomes sai j\u00e4\u00e4august p\u00e4\u00e4semise \u00f5ppusel 37 ajateenijat k\u00fclmakahjustusi"},"content":{"rendered":"<p>K\u00fclmakahjustused tekkisid j\u00e4\u00e4august p\u00e4\u00e4semise \u00f5ppuse k\u00e4igus kokku 37 ajateenijale, vahendab Yle Uutiset.<\/p>\n<p>Viis ajateenijat sai teise astme k\u00fclmakahjustusi ehk n\u00e4iteks ville nahale. Teistel olid kergemad, esimese astme k\u00fclmakahjustused.<\/p>\n<p>Ajateenijad said s\u00fcmptomite ilmnedes v\u00e4eosas arstiabi.<\/p>\n<p>\u00d5ppusel osalenud ajateenijad olid teenistusse v\u00f5etud 2025. aasta juulis.<\/p>\n<p>Soome kaitsev\u00e4gi teatas, et ajateenijad j\u00e4tkasid oma v\u00e4lja\u00f5pet tavap\u00e4raselt, aga nende teenistust v\u00e4litingimustes on kergemaks muudetud.<\/p>\n<p>J\u00e4\u00e4gribrigaad koostas juhtunust raporti, et selline olukord edaspidi ei korduks. Selle j\u00e4rgi viidi \u00f5ppus l\u00e4bi Soome kaitsev\u00e4e m\u00e4\u00e4ruste ja j\u00e4\u00e4gribrigaadi v\u00e4lja\u00f5ppejuhendi j\u00e4rgi.<\/p>\n<p>Soome kaitsev\u00e4e teatel on j\u00e4\u00e4august p\u00e4\u00e4semise harjutamist peetud v\u00e4lja\u00f5ppe t\u00e4htsaks osaks, sest j\u00e4\u00e4gribrigaadi tegutsemispiirkonnas on v\u00f5imalik maastikul sellisesse olukorda sattuda n\u00e4iteks suusatades v\u00f5i mootorsaaniga s\u00f5ites.<\/p>\n<p>Soome kaitsev\u00e4gi r\u00f5hutab isiklikku vastutust oludele kohase riietumise eest.<\/p>\n<p>Piirij\u00e4\u00e4grikompanii \u00fclem, leitnant Valtteri Tervonen \u00fctles, et konkreetset temperatuuripiiri ajateenijate v\u00e4lja\u00f5ppe jaoks ei ole.<\/p>\n<p>\u201eRelvakohuslased \u00f5petatakse tegutsema k\u00f5igis ilmastikutingimustes mitmek\u00fclgselt. F\u00fc\u00fcsilise vormi kontrollimisel v\u00e4ljas on temperatuuripiir -17 kraadi,\u201c \u00fctles Tervonen.<\/p>\n<p>Kuidas see lugu Sind end tundma pani? Saada <a href=\"https:\/\/www.delfi.ee\/artikkel\/120431175\/soomes-sai-jaaaugust-paasemise-oppusel-37-ajateenijat-kulmakahjustusi\/kommentaarid\" class=\"article-body-bottom__comment article-body-bottom__comment--write button button--primary button--size-auto\" rel=\"nofollow noopener\" target=\"_blank\"> Kommenteeri <\/a><a href=\"https:\/\/www.delfi.ee\/artikkel\/120431175\/soomes-sai-jaaaugust-paasemise-oppusel-37-ajateenijat-kulmakahjustusi\/kommentaarid\" class=\"article-body-bottom__comment article-body-bottom__comment--read button button--size-auto\" rel=\"nofollow noopener\" target=\"_blank\"> Loe kommentaare (40)<\/a><\/p>\n","protected":false},"excerpt":{"rendered":"K\u00fclmakahjustused tekkisid j\u00e4\u00e4august p\u00e4\u00e4semise \u00f5ppuse k\u00e4igus kokku 37 ajateenijale, vahendab Yle Uutiset. Viis ajateenijat sai teise astme k\u00fclmakahjustusi&hellip;\n","protected":false},"author":2,"featured_media":92418,"comment_status":"","ping_status":"","sticky":false,"template":"","format":"standard","meta":{"footnotes":"","_share_on_mastodon":"0"},"categories":[80],"tags":[26,27,37,33,35,34,36,31,32,21,7672,28,29,95,19,25,113,23,24,22,20,30,92,93,94],"class_list":["post-92417","post","type-post","status-publish","format-standard","has-post-thumbnail","category-maailm","tag-breaking-news","tag-breakingnews","tag-ee","tag-eesti","tag-eesti-keel","tag-estonia","tag-estonian","tag-featured-news","tag-featurednews","tag-headlines","tag-lapimaa","tag-latest-news","tag-latestnews","tag-maailm","tag-news","tag-populaarseimad-lood","tag-soome","tag-top-stories","tag-topstories","tag-uldised-uudised","tag-uudised","tag-viimased-uudised","tag-world","tag-world-news","tag-worldnews"],"share_on_mastodon":{"url":"https:\/\/pubeurope.com\/@ee\/115950205550889252","error":""},"_links":{"self":[{"href":"https:\/\/www.europesays.com\/ee\/wp-json\/wp\/v2\/posts\/92417","targetHints":{"allow":["GET"]}}],"collection":[{"href":"https:\/\/www.europesays.com\/ee\/wp-json\/wp\/v2\/posts"}],"about":[{"href":"https:\/\/www.europesays.com\/ee\/wp-json\/wp\/v2\/types\/post"}],"author":[{"embeddable":true,"href":"https:\/\/www.europesays.com\/ee\/wp-json\/wp\/v2\/users\/2"}],"replies":[{"embeddable":true,"href":"https:\/\/www.europesays.com\/ee\/wp-json\/wp\/v2\/comments?post=92417"}],"version-history":[{"count":0,"href":"https:\/\/www.europesays.com\/ee\/wp-json\/wp\/v2\/posts\/92417\/revisions"}],"wp:featuredmedia":[{"embeddable":true,"href":"https:\/\/www.europesays.com\/ee\/wp-json\/wp\/v2\/media\/92418"}],"wp:attachment":[{"href":"https:\/\/www.europesays.com\/ee\/wp-json\/wp\/v2\/media?parent=92417"}],"wp:term":[{"taxonomy":"category","embeddable":true,"href":"https:\/\/www.europesays.com\/ee\/wp-json\/wp\/v2\/categories?post=92417"},{"taxonomy":"post_tag","embeddable":true,"href":"https:\/\/www.europesays.com\/ee\/wp-json\/wp\/v2\/tags?post=92417"}],"curies":[{"name":"wp","href":"https:\/\/api.w.org\/{rel}","templated":true}]}}