{"id":92493,"date":"2026-01-24T16:07:09","date_gmt":"2026-01-24T16:07:09","guid":{"rendered":"https:\/\/www.europesays.com\/ee\/92493\/"},"modified":"2026-01-24T16:07:09","modified_gmt":"2026-01-24T16:07:09","slug":"juri-toomepuu-%e2%9f%a9-putini-kell-tiksub","status":"publish","type":"post","link":"https:\/\/www.europesays.com\/ee\/92493\/","title":{"rendered":"J\u00dcRI TOOMEPUU \u27e9 Putini kell tiksub"},"content":{"rendered":"<p>Umbes neli aastat p\u00e4rast Putini r\u00fcnnakut pole ta strateegia veel t\u00e4ielikult kokku varisenud \u2013 kuid see on tugeva surve all. S\u00f5jaline edenemine on aeglane ja kulukas, majanduse \u00abs\u00f5jare\u017eiim\u00bb s\u00f6\u00f6b aina suurema osa riigi tulevikust ning diplomaatiline r\u00fctm on muutunud: USA, Ukraina ja Venemaa sooritasid Abu Dhabis 23.\u201324. jaanuaril 2026 esimesi teadaolevaid kolmepoolseid k\u00f5nelusi p\u00e4rast s\u00f5ja algust. Just see kombinatsioon \u2013 rinde kurnatus, majanduse j\u00e4igastumine ja korraga aktiveerunud diplomaatia \u2013 teeb olukorra Putinile ohtlikuks. Oht ei seisne ainult selles, et ta v\u00f5ib s\u00f5ja kaotada, vaid ka selles, et kaotuse kartuses proovib ta laua taga saavutada seda, mida rindel enam m\u00f5istliku hinnaga k\u00e4tte ei saa: \u00abrahulepet\u00bb, mis n\u00e4eb paberil rahuna v\u00e4lja, kuid on sisuliselt paus j\u00e4rgmise agressiooni jaoks.<\/p>\n","protected":false},"excerpt":{"rendered":"Umbes neli aastat p\u00e4rast Putini r\u00fcnnakut pole ta strateegia veel t\u00e4ielikult kokku varisenud \u2013 kuid see on tugeva&hellip;\n","protected":false},"author":2,"featured_media":92494,"comment_status":"","ping_status":"","sticky":false,"template":"","format":"standard","meta":{"footnotes":""},"categories":[80],"tags":[587,26,27,37,33,35,34,36,31,32,21,28,29,95,19,45127,25,3738,23,24,262,22,20,96,30,92,93,94,3623],"class_list":{"0":"post-92493","1":"post","2":"type-post","3":"status-publish","4":"format-standard","5":"has-post-thumbnail","7":"category-maailm","8":"tag-ameerika-uhendriigid","9":"tag-breaking-news","10":"tag-breakingnews","11":"tag-ee","12":"tag-eesti","13":"tag-eesti-keel","14":"tag-estonia","15":"tag-estonian","16":"tag-featured-news","17":"tag-featurednews","18":"tag-headlines","19":"tag-latest-news","20":"tag-latestnews","21":"tag-maailm","22":"tag-news","23":"tag-oreshniktuupi-raketid","24":"tag-populaarseimad-lood","25":"tag-putin","26":"tag-top-stories","27":"tag-topstories","28":"tag-ukraina","29":"tag-uldised-uudised","30":"tag-uudised","31":"tag-venemaa","32":"tag-viimased-uudised","33":"tag-world","34":"tag-world-news","35":"tag-worldnews","36":"tag-zelenskoi"},"share_on_mastodon":{"url":"https:\/\/pubeurope.com\/@ee\/115950940506283996","error":""},"_links":{"self":[{"href":"https:\/\/www.europesays.com\/ee\/wp-json\/wp\/v2\/posts\/92493","targetHints":{"allow":["GET"]}}],"collection":[{"href":"https:\/\/www.europesays.com\/ee\/wp-json\/wp\/v2\/posts"}],"about":[{"href":"https:\/\/www.europesays.com\/ee\/wp-json\/wp\/v2\/types\/post"}],"author":[{"embeddable":true,"href":"https:\/\/www.europesays.com\/ee\/wp-json\/wp\/v2\/users\/2"}],"replies":[{"embeddable":true,"href":"https:\/\/www.europesays.com\/ee\/wp-json\/wp\/v2\/comments?post=92493"}],"version-history":[{"count":0,"href":"https:\/\/www.europesays.com\/ee\/wp-json\/wp\/v2\/posts\/92493\/revisions"}],"wp:featuredmedia":[{"embeddable":true,"href":"https:\/\/www.europesays.com\/ee\/wp-json\/wp\/v2\/media\/92494"}],"wp:attachment":[{"href":"https:\/\/www.europesays.com\/ee\/wp-json\/wp\/v2\/media?parent=92493"}],"wp:term":[{"taxonomy":"category","embeddable":true,"href":"https:\/\/www.europesays.com\/ee\/wp-json\/wp\/v2\/categories?post=92493"},{"taxonomy":"post_tag","embeddable":true,"href":"https:\/\/www.europesays.com\/ee\/wp-json\/wp\/v2\/tags?post=92493"}],"curies":[{"name":"wp","href":"https:\/\/api.w.org\/{rel}","templated":true}]}}