{"id":92576,"date":"2026-01-24T18:28:07","date_gmt":"2026-01-24T18:28:07","guid":{"rendered":"https:\/\/www.europesays.com\/ee\/92576\/"},"modified":"2026-01-24T18:28:07","modified_gmt":"2026-01-24T18:28:07","slug":"lennumae-maailmameistriks-krooniti-domen-prevc-suusahupped","status":"publish","type":"post","link":"https:\/\/www.europesays.com\/ee\/92576\/","title":{"rendered":"Lennum\u00e4e maailmameistriks krooniti Domen Prevc | Suusah\u00fcpped"},"content":{"rendered":"<p>Saksamaal Oberstdorfis toimuval lennum\u00e4e MM-il v\u00f5itis individuaalv\u00f5istluse sloveen Domen Prevc.<\/p>\n<p>Avap\u00e4eval liidriks <a href=\"https:\/\/sport.err.ee\/1609920491\/teiseks-huppeks-kindluse-leidnud-prevc-haaras-lennumae-mm-il-liidrikoha\" target=\"_blank\" rel=\"noopener nofollow\">asunud<\/a> Prevc suurendas laup\u00e4eval kolmandas voorus oma edumaa 48-punktiliseks ning kindlustas v\u00f5idu neljandas voorus sooritatud 222,5 meetri pikkuse \u00f5hulennuga, mis oli v\u00e4\u00e4rt 224,2 punkti.<\/p>\n<p>Prevc kogus nelja vooruga 905,4 punkti ja edestas teiseks tulnud norralast Marius Lindviki 59,5 punktiga. 26-aastasele Prevcile on see lennum\u00e4e MM-ilt kolmandaks kuldmedaliks, ent esimeseks individuaalv\u00f5istluses. &#8220;Olen selle medali nimel v\u00e4ga kaua vaeva n\u00e4inud,&#8221; s\u00f5nas v\u00f5itja.<\/p>\n<p>Pjedestaali madalaimale astmele kerkis jaapanlane Rein Nikaido (842,4). \u00dcle 800 punkti kogusid veel austerlased Jan H\u00f6rl (818,8) ja Stephan Embacher (811,5), jaapanlane Ryoyu Kobayashi (805) ja tunamullune kuldmedalist austerlane Stefan Kraft (803,2). V\u00f5\u00f5rustajariigi Saksamaa parima tulemuse eest hoolitses Philipp Raimund, kes sai 13. koha (779,5).<\/p>\n<p>P\u00fchap\u00e4eval on kavas v\u00f5istkonnav\u00f5istlus, kus hakkab tiitlit kaitsma Sloveenia meeskond.<\/p>\n<blockquote class=\"twitter-tweet\">\n<p lang=\"pt\" dir=\"ltr\">2026 is a new 2016&#8230; <\/p>\n<p>2016 Peter Prevc <br \/>2026 Domen Prevc <a href=\"https:\/\/twitter.com\/hashtag\/fisskijumping?src=hash&amp;ref_src=twsrc%5Etfw\" rel=\"nofollow noopener\" target=\"_blank\">#fisskijumping<\/a> <a href=\"https:\/\/twitter.com\/hashtag\/Oberstdorf2026?src=hash&amp;ref_src=twsrc%5Etfw\" rel=\"nofollow noopener\" target=\"_blank\">#Oberstdorf2026<\/a> <a href=\"https:\/\/t.co\/J2SftnNMKa\" rel=\"nofollow\">pic.twitter.com\/J2SftnNMKa<\/a><\/p>\n<p>\u2014 Viessmann FIS Ski Jumping World Cup (@FISskijumping) <a href=\"https:\/\/twitter.com\/FISskijumping\/status\/2015122589773898048?ref_src=twsrc%5Etfw\" rel=\"nofollow noopener\" target=\"_blank\">January 24, 2026<\/a><\/p><\/blockquote>\n<p><script async src=\"https:\/\/platform.twitter.com\/widgets.js\" charset=\"utf-8\"><\/script><\/p>\n","protected":false},"excerpt":{"rendered":"Saksamaal Oberstdorfis toimuval lennum\u00e4e MM-il v\u00f5itis individuaalv\u00f5istluse sloveen Domen Prevc. Avap\u00e4eval liidriks asunud Prevc suurendas laup\u00e4eval kolmandas voorus&hellip;\n","protected":false},"author":2,"featured_media":92577,"comment_status":"","ping_status":"","sticky":false,"template":"","format":"standard","meta":{"footnotes":"","_share_on_mastodon":"0"},"categories":[18],"tags":[1703,37,33,35,34,36,44612,159,158],"class_list":["post-92576","post","type-post","status-publish","format-standard","has-post-thumbnail","category-sport","tag-domen-prevc","tag-ee","tag-eesti","tag-eesti-keel","tag-estonia","tag-estonian","tag-lennumae-mm","tag-sport","tag-sports"],"share_on_mastodon":{"url":"https:\/\/pubeurope.com\/@ee\/115951494957172799","error":""},"_links":{"self":[{"href":"https:\/\/www.europesays.com\/ee\/wp-json\/wp\/v2\/posts\/92576","targetHints":{"allow":["GET"]}}],"collection":[{"href":"https:\/\/www.europesays.com\/ee\/wp-json\/wp\/v2\/posts"}],"about":[{"href":"https:\/\/www.europesays.com\/ee\/wp-json\/wp\/v2\/types\/post"}],"author":[{"embeddable":true,"href":"https:\/\/www.europesays.com\/ee\/wp-json\/wp\/v2\/users\/2"}],"replies":[{"embeddable":true,"href":"https:\/\/www.europesays.com\/ee\/wp-json\/wp\/v2\/comments?post=92576"}],"version-history":[{"count":0,"href":"https:\/\/www.europesays.com\/ee\/wp-json\/wp\/v2\/posts\/92576\/revisions"}],"wp:featuredmedia":[{"embeddable":true,"href":"https:\/\/www.europesays.com\/ee\/wp-json\/wp\/v2\/media\/92577"}],"wp:attachment":[{"href":"https:\/\/www.europesays.com\/ee\/wp-json\/wp\/v2\/media?parent=92576"}],"wp:term":[{"taxonomy":"category","embeddable":true,"href":"https:\/\/www.europesays.com\/ee\/wp-json\/wp\/v2\/categories?post=92576"},{"taxonomy":"post_tag","embeddable":true,"href":"https:\/\/www.europesays.com\/ee\/wp-json\/wp\/v2\/tags?post=92576"}],"curies":[{"name":"wp","href":"https:\/\/api.w.org\/{rel}","templated":true}]}}