{"id":92603,"date":"2026-01-24T19:26:06","date_gmt":"2026-01-24T19:26:06","guid":{"rendered":"https:\/\/www.europesays.com\/ee\/92603\/"},"modified":"2026-01-24T19:26:06","modified_gmt":"2026-01-24T19:26:06","slug":"priit-sibul-opetajate-palgasurve-sunnib-omavalitsusi-ulejaanust-loobuma-ministri-meelest-see-vist-ongi-normaalne-delfi","status":"publish","type":"post","link":"https:\/\/www.europesays.com\/ee\/92603\/","title":{"rendered":"Priit Sibul: \u00f5petajate palgasurve sunnib omavalitsusi \u00fclej\u00e4\u00e4nust loobuma. Ministri meelest see vist ongi normaalne &#8211; Delfi"},"content":{"rendered":"<ol>\n<li><a href=\"https:\/\/news.google.com\/rss\/articles\/CBMi7AFBVV95cUxPbE5Sd2R3bGRMZE1OOVFKUU1CY3Q3SzJyZXhaVksyNGluTVN6R2JQT21ZMFZrU0xyQVktWlhHTzBKQ3BRWWwtVUp1SkZBM29JQTNhREM5bVUxT1ZxeklRRC1ESjdsUENqblpGVW8zNm5NSk9oNXB4NG1OaUVDUHpOMmtoLVNWRHNJUkRYQlAxdkpXdC1sOU5NRVAyUXdsUVZkUC1oRTBzWEFtWnJDSkphektieHB6aEJaRHZyeHFRWGs0d0ZtbzBSR2JQWGk1UDFwcERVeW1rX21XRjMyRGpCRGd1anEyX1VGWkc2OQ?oc=5\" target=\"_blank\" rel=\"nofollow noopener\">Priit Sibul: \u00f5petajate palgasurve sunnib omavalitsusi \u00fclej\u00e4\u00e4nust loobuma. Ministri meelest see vist ongi normaalne<\/a>&nbsp;&nbsp;Delfi<\/li>\n<li><a href=\"https:\/\/news.google.com\/rss\/articles\/CBMikAFBVV95cUxOX3NBcDJHUXBtYzFfNmZWZF9BRWl2dzE2U05odEF6aXpmYUctNnVURHNGRGVuaTlOY0JISjdfcjJFbWE1ZjA1WVd4SUlJZ1l2ZTY3c3RvdkI2dm9jQkhrNXRxZlN3c01lbEZkOHZSZTFpcVBWQWhrVVJBa2ZKeWhKLTVZczFlUHVlOWcwUmtJZ0o?oc=5\" target=\"_blank\" rel=\"nofollow noopener\">HARIDUSSILM | Hiiumaa \u00f5petajate keskmine brutopalk on Eesti madalaim<\/a>&nbsp;&nbsp;hiiuleht.ee<\/li>\n<li><a href=\"https:\/\/news.google.com\/rss\/articles\/CBMi1wFBVV95cUxQbkFORG1lMnlzSWR1YVE5NUI1Umx6NE1IMHJVTW9pLU1ROG9xMWNXTk9PcmFjNk1tRTV5RHdOSjBQbS1VMTFDRU5lZzhOUXo5UDV2d1dXUTJHclN3em0wUWp6dm05NFE0S3VTWFNNaW5wbVRYenVvN0hseDgybHFQTUIwZjVWNHcwdnE0UnBNUWxGdkxOVUxOWjJHbUdXb2I0QnJieDY1Y204RGlackN6dlpxajFrRmhrbEE3dGV5MjNpX1JtVERueTRvTWRKbjRoSTh4dUxhUQ?oc=5\" target=\"_blank\" rel=\"nofollow noopener\">Kes vastutab, et \u00f5petajad saaksid keskmisest suurema palga? Ministeerium ja omavalitsused on eri meelt<\/a>&nbsp;&nbsp;Delfi<\/li>\n<\/ol>\n","protected":false},"excerpt":{"rendered":"Priit Sibul: \u00f5petajate palgasurve sunnib omavalitsusi \u00fclej\u00e4\u00e4nust loobuma. Ministri meelest see vist ongi normaalne&nbsp;&nbsp;Delfi HARIDUSSILM | Hiiumaa \u00f5petajate&hellip;\n","protected":false},"author":2,"featured_media":92604,"comment_status":"","ping_status":"","sticky":false,"template":"","format":"standard","meta":{"footnotes":"","_share_on_mastodon":"0"},"categories":[12],"tags":[26,27,37,33,35,34,36,31,32,3932,21,28,29,19,4435,25,17153,23,24,22,20,30],"class_list":["post-92603","post","type-post","status-publish","format-standard","has-post-thumbnail","category-eesti","tag-breaking-news","tag-breakingnews","tag-ee","tag-eesti","tag-eesti-keel","tag-estonia","tag-estonian","tag-featured-news","tag-featurednews","tag-haridus-ja-teadusministeerium","tag-headlines","tag-latest-news","tag-latestnews","tag-news","tag-pohikool","tag-populaarseimad-lood","tag-priit-sibul","tag-top-stories","tag-topstories","tag-uldised-uudised","tag-uudised","tag-viimased-uudised"],"share_on_mastodon":{"url":"https:\/\/pubeurope.com\/@ee\/115951723063935656","error":""},"_links":{"self":[{"href":"https:\/\/www.europesays.com\/ee\/wp-json\/wp\/v2\/posts\/92603","targetHints":{"allow":["GET"]}}],"collection":[{"href":"https:\/\/www.europesays.com\/ee\/wp-json\/wp\/v2\/posts"}],"about":[{"href":"https:\/\/www.europesays.com\/ee\/wp-json\/wp\/v2\/types\/post"}],"author":[{"embeddable":true,"href":"https:\/\/www.europesays.com\/ee\/wp-json\/wp\/v2\/users\/2"}],"replies":[{"embeddable":true,"href":"https:\/\/www.europesays.com\/ee\/wp-json\/wp\/v2\/comments?post=92603"}],"version-history":[{"count":0,"href":"https:\/\/www.europesays.com\/ee\/wp-json\/wp\/v2\/posts\/92603\/revisions"}],"wp:featuredmedia":[{"embeddable":true,"href":"https:\/\/www.europesays.com\/ee\/wp-json\/wp\/v2\/media\/92604"}],"wp:attachment":[{"href":"https:\/\/www.europesays.com\/ee\/wp-json\/wp\/v2\/media?parent=92603"}],"wp:term":[{"taxonomy":"category","embeddable":true,"href":"https:\/\/www.europesays.com\/ee\/wp-json\/wp\/v2\/categories?post=92603"},{"taxonomy":"post_tag","embeddable":true,"href":"https:\/\/www.europesays.com\/ee\/wp-json\/wp\/v2\/tags?post=92603"}],"curies":[{"name":"wp","href":"https:\/\/api.w.org\/{rel}","templated":true}]}}