{"id":92710,"date":"2026-01-25T06:01:25","date_gmt":"2026-01-25T06:01:25","guid":{"rendered":"https:\/\/www.europesays.com\/ee\/92710\/"},"modified":"2026-01-25T06:01:25","modified_gmt":"2026-01-25T06:01:25","slug":"erakorralisele-uldkogule-minemata-jatnud-tehva-pidasime-oma-vaikeste-ressursside-juures-vajalikuks-tegeleda-tahtsamate-asjadega-soccernet-ee","status":"publish","type":"post","link":"https:\/\/www.europesays.com\/ee\/92710\/","title":{"rendered":"Erakorralisele \u00fcldkogule minemata j\u00e4tnud Tehva: pidasime oma v\u00e4ikeste ressursside juures vajalikuks tegeleda t\u00e4htsamate asjadega &#8211; Soccernet.ee"},"content":{"rendered":"<p><img decoding=\"async\" src=\"https:\/\/www.europesays.com\/ee\/wp-content\/uploads\/2026\/01\/1767781794.jpg\" alt=\"N\u00f5mme Kalju president Kuno Tehva. Foto: Anna Andreas\"\/>&#13;\n<\/p>\n<p>N\u00f5mme Kalju president Kuno Tehva r\u00e4\u00e4kis\u00a0<a href=\"https:\/\/sport.delfi.ee\/artikkel\/120431309\/erakorralisele-uldkogule-mitte-ilmunud-nomme-kalju-president-kuno-tehva-see-on-aja-raiskamine-kuna-meil-puuduvad-oskused\" rel=\"nofollow noopener\" target=\"_blank\">Delfile<\/a>, et j\u00e4ttis erakorralisele \u00fcldkogule delegaadi saatmata, sest klubi v\u00e4ikeste ressursside juures peeti vajalikuks t\u00e4htsamate asjadega tegelemist.\u00a0<\/p>\n<p>Eesti Jalgpalli Liidus pidanuks 21. jaanuaril toimuma erakorraline \u00fcldkogu, mille sisuks olnuks 13 jalgpalliklubi poolt esitatud avaldus seoses UEFA-poolse Venemaa klubide rahastamisega. \u00dcldkogu jaoks aga vajalikku kvoorumit kokku ei tulnud. \u00dcks klubidest, kes \u00fcldkogul ei osalenud, oli m\u00f6\u00f6dunud hooaja Premium liiga pronksimeeskond N\u00f5mme Kalju.\u00a0&#13;\n<\/p>\n<p>&#8220;Me n\u00e4eme, et \u00fcldkogu kokku kutsumine sellisel kujul antud olukorras poleks lahendust leidnud. Sellep\u00e4rast pidasime oma v\u00e4ikeste ressursside juures vajalikuks tegeleda t\u00e4htsamate asjadega, mis t\u00e4na n\u00f5uavad meie jaoks t\u00e4helepanu,&#8221; selgitas Kalju president Tehva, kelle s\u00f5nul oli \u00fcldkogule minek siiski arutluse all.\u00a0&#13;\n<\/p>\n<p>&#8220;Eesti jalgpall vajab dialoogi, mida meil praegu kahjuks v\u00e4ga ei ole erinevate poolte vahel. Ja siis tehakse algatusi, millel tegelikult puudub potentsiaal. Selline asi on minu jaoks aja raiskamine,&#8221; r\u00e4\u00e4kis Kalju president.<\/p>\n<p><a href=\"https:\/\/sport.delfi.ee\/artikkel\/120431309\/erakorralisele-uldkogule-mitte-ilmunud-nomme-kalju-president-kuno-tehva-see-on-aja-raiskamine-kuna-meil-puuduvad-oskused\" target=\"_blank\" rel=\"nofollow noopener\">Loe refereeritud artiklit t\u00e4ispikkuses Delfist<\/a>.&#13;<\/p>\n","protected":false},"excerpt":{"rendered":"&#13; N\u00f5mme Kalju president Kuno Tehva r\u00e4\u00e4kis\u00a0Delfile, et j\u00e4ttis erakorralisele \u00fcldkogule delegaadi saatmata, sest klubi v\u00e4ikeste ressursside juures&hellip;\n","protected":false},"author":2,"featured_media":92711,"comment_status":"","ping_status":"","sticky":false,"template":"","format":"standard","meta":{"footnotes":"","_share_on_mastodon":"0"},"categories":[18],"tags":[37,33,2246,35,1346,36189,34,36,17703,159,158,17704,6098],"class_list":["post-92710","post","type-post","status-publish","format-standard","has-post-thumbnail","category-sport","tag-ee","tag-eesti","tag-eesti-jalgpalli-liit","tag-eesti-keel","tag-ejl","tag-erakorraline-uldkogu","tag-estonia","tag-estonian","tag-kuno-tehva","tag-sport","tag-sports","tag-tehva","tag-uldkogu"],"share_on_mastodon":{"url":"https:\/\/pubeurope.com\/@ee\/115954219996840561","error":""},"_links":{"self":[{"href":"https:\/\/www.europesays.com\/ee\/wp-json\/wp\/v2\/posts\/92710","targetHints":{"allow":["GET"]}}],"collection":[{"href":"https:\/\/www.europesays.com\/ee\/wp-json\/wp\/v2\/posts"}],"about":[{"href":"https:\/\/www.europesays.com\/ee\/wp-json\/wp\/v2\/types\/post"}],"author":[{"embeddable":true,"href":"https:\/\/www.europesays.com\/ee\/wp-json\/wp\/v2\/users\/2"}],"replies":[{"embeddable":true,"href":"https:\/\/www.europesays.com\/ee\/wp-json\/wp\/v2\/comments?post=92710"}],"version-history":[{"count":0,"href":"https:\/\/www.europesays.com\/ee\/wp-json\/wp\/v2\/posts\/92710\/revisions"}],"wp:featuredmedia":[{"embeddable":true,"href":"https:\/\/www.europesays.com\/ee\/wp-json\/wp\/v2\/media\/92711"}],"wp:attachment":[{"href":"https:\/\/www.europesays.com\/ee\/wp-json\/wp\/v2\/media?parent=92710"}],"wp:term":[{"taxonomy":"category","embeddable":true,"href":"https:\/\/www.europesays.com\/ee\/wp-json\/wp\/v2\/categories?post=92710"},{"taxonomy":"post_tag","embeddable":true,"href":"https:\/\/www.europesays.com\/ee\/wp-json\/wp\/v2\/tags?post=92710"}],"curies":[{"name":"wp","href":"https:\/\/api.w.org\/{rel}","templated":true}]}}