{"id":92911,"date":"2026-01-25T12:38:10","date_gmt":"2026-01-25T12:38:10","guid":{"rendered":"https:\/\/www.europesays.com\/ee\/92911\/"},"modified":"2026-01-25T12:38:10","modified_gmt":"2026-01-25T12:38:10","slug":"jarvamaa-suusatajad-valmistuvad-oma-teiseks-olumpiaks-jarvateataja-postimees-ee","status":"publish","type":"post","link":"https:\/\/www.europesays.com\/ee\/92911\/","title":{"rendered":"J\u00e4rvamaa suusatajad valmistuvad oma teiseks ol\u00fcmpiaks &#8211; jarvateataja.postimees.ee"},"content":{"rendered":"<ol>\n<li><a href=\"https:\/\/news.google.com\/rss\/articles\/CBMimwFBVV95cUxPeXYwWFYzeU45RHVaRi1id1Q1ejZYdVBWZWlndHFMNEhfNGxLYnJkd3F0R2ZjbTVFbm1mZmFYdWRObkM3TlVDRUFFcERsb0RSU3c5VVRDY3pGX3dILTg5enJnWlB3OGQ1NTFldkkzcWxoODhrODZzdFM0VGtpU2wtbmtVOVVCR2hUa1d2SGwxSlhiVHNwTHlvRFBOOA?oc=5\" target=\"_blank\" rel=\"nofollow noopener\">J\u00e4rvamaa suusatajad valmistuvad oma teiseks ol\u00fcmpiaks<\/a>&nbsp;&nbsp;jarvateataja.postimees.ee<\/li>\n<li><a href=\"https:\/\/news.google.com\/rss\/articles\/CBMipwFBVV95cUxQcVBTNmNHa2N1ZUE2Z0tnajViNWdudXNvdDJYZVM4NkR4WVZFbGM0UGd0RFVJTGpobjhLcHQtUTVDLWw1X1RyY1F4ZUFzWHJKOHdIMkI3TFdhRUc5RUk1d0RBT2VMbHZPOGk0YUdOaWdZanhraVR2VEFXb2d3aGlGZU1jR0prV0xCdUVIZFR6Uk1PS2Z1Rk1tWWZ0LWVhZm5YYmtIWkI4Yw?oc=5\" target=\"_blank\" rel=\"nofollow noopener\">Eestit esindab Milano-Cortina taliol\u00fcmpial rekordarv sportlasi<\/a>&nbsp;&nbsp;Delfi Sport<\/li>\n<li><a href=\"https:\/\/news.google.com\/rss\/articles\/CBMiqAFBVV95cUxOMUFvWk8wMXNORk9sU0ppRERTMVc1M1RwcnpDTDRrbmhOajZDN3M3dEVUTE9qUVJjb2NURF9xUlBiYUFVRV9FMmdNVnRZQ0tSNDhBNThzSERubHBpNXZpaDdhVTItQ1JUR0RrUjI2OHotUTZfeUVYT3YtWkZZUVhCeHhidVFPa0FncUJEN2pxZzRnZlhnWDJEX0tFeGZtc0dTdGt1WU12UUU?oc=5\" target=\"_blank\" rel=\"nofollow noopener\">Raju: k\u00f5ik OM-i v\u00f5istluspaigad pole valmis ja t\u00f5en\u00e4oliselt valmis ei saagi<\/a>&nbsp;&nbsp;sport | ERR<\/li>\n<li><a href=\"https:\/\/news.google.com\/rss\/articles\/CBMisAFBVV95cUxPYWlYUVo5eXI0eXlnOEdRWkx5Uk9nU2xjZFhLbFM4TjBYMVVYb2Ixdlgwb0tkejdNN3VZTnJNUEFxRGN0RzRhOUJKU3ZKaVoxRFdpZ1RjSVRULWMwOG9YOEdsWG1xYnoyZ2c5MHZndTlwRFc1RE9jMEUzekRJTWVfb2gyeGUxTm1PelFJdUpaQmt0Qng5T2lYRUZpUUtjTzBBN2I0SExsR3pQQzd2SG51aQ?oc=5\" target=\"_blank\" rel=\"nofollow noopener\">EDETABEL: kes on Eesti suurim(ad) medalilootus(ed) Milano-Cortina taliol\u00fcmpial?<\/a>&nbsp;&nbsp;ohtuleht.ee<\/li>\n<li><a href=\"https:\/\/news.google.com\/rss\/articles\/CBMiogFBVV95cUxPTWYzVk81V3pQN0tyaDBKLW1WTldfNHNGcHo5TGxzS3laaHp3c2RRQVhKZnNPLUszSkd1dXptWGhkai1SU2Jfdm14WHBVeDkzbUQ5YkRvYmxCcjdfSVJyWV9XcERaSkJROHZvN3JiZURtMW1PT3lEQTNJRXVaeEZHRjZZZWpFeS1US2FScGgtb19wNWlWYTFYRmR2SUs3TXE0YkE?oc=5\" target=\"_blank\" rel=\"nofollow noopener\">Eesti suusasportlased saavad ol\u00fcmpial toetuda tuttavatele abilistele<\/a>&nbsp;&nbsp;sport | ERR<\/li>\n<\/ol>\n","protected":false},"excerpt":{"rendered":"J\u00e4rvamaa suusatajad valmistuvad oma teiseks ol\u00fcmpiaks&nbsp;&nbsp;jarvateataja.postimees.ee Eestit esindab Milano-Cortina taliol\u00fcmpial rekordarv sportlasi&nbsp;&nbsp;Delfi Sport Raju: k\u00f5ik OM-i v\u00f5istluspaigad pole&hellip;\n","protected":false},"author":2,"featured_media":92912,"comment_status":"","ping_status":"","sticky":false,"template":"","format":"standard","meta":{"footnotes":"","_share_on_mastodon":"0"},"categories":[18],"tags":[37,33,35,17275,34,36,8571,8570,15926,3023,159,158,9694],"class_list":["post-92911","post","type-post","status-publish","format-standard","has-post-thumbnail","category-sport","tag-ee","tag-eesti","tag-eesti-keel","tag-eesti-olumpiakoondis","tag-estonia","tag-estonian","tag-kaidy-kaasiku","tag-keidy-kaasiku","tag-milano-cortina-2026","tag-murdmaasuustamine","tag-sport","tag-sports","tag-taliolumpiamangud"],"share_on_mastodon":{"url":"https:\/\/pubeurope.com\/@ee\/115955780994500500","error":""},"_links":{"self":[{"href":"https:\/\/www.europesays.com\/ee\/wp-json\/wp\/v2\/posts\/92911","targetHints":{"allow":["GET"]}}],"collection":[{"href":"https:\/\/www.europesays.com\/ee\/wp-json\/wp\/v2\/posts"}],"about":[{"href":"https:\/\/www.europesays.com\/ee\/wp-json\/wp\/v2\/types\/post"}],"author":[{"embeddable":true,"href":"https:\/\/www.europesays.com\/ee\/wp-json\/wp\/v2\/users\/2"}],"replies":[{"embeddable":true,"href":"https:\/\/www.europesays.com\/ee\/wp-json\/wp\/v2\/comments?post=92911"}],"version-history":[{"count":0,"href":"https:\/\/www.europesays.com\/ee\/wp-json\/wp\/v2\/posts\/92911\/revisions"}],"wp:featuredmedia":[{"embeddable":true,"href":"https:\/\/www.europesays.com\/ee\/wp-json\/wp\/v2\/media\/92912"}],"wp:attachment":[{"href":"https:\/\/www.europesays.com\/ee\/wp-json\/wp\/v2\/media?parent=92911"}],"wp:term":[{"taxonomy":"category","embeddable":true,"href":"https:\/\/www.europesays.com\/ee\/wp-json\/wp\/v2\/categories?post=92911"},{"taxonomy":"post_tag","embeddable":true,"href":"https:\/\/www.europesays.com\/ee\/wp-json\/wp\/v2\/tags?post=92911"}],"curies":[{"name":"wp","href":"https:\/\/api.w.org\/{rel}","templated":true}]}}