{"id":92924,"date":"2026-01-25T12:57:06","date_gmt":"2026-01-25T12:57:06","guid":{"rendered":"https:\/\/www.europesays.com\/ee\/92924\/"},"modified":"2026-01-25T12:57:06","modified_gmt":"2026-01-25T12:57:06","slug":"parnakate-seiklused-elutoo-auhinda-vastuvotva-vennaskonna-ridades","status":"publish","type":"post","link":"https:\/\/www.europesays.com\/ee\/92924\/","title":{"rendered":"P\u00e4rnakate seiklused elut\u00f6\u00f6 auhinda vastuv\u00f5tva Vennaskonna ridades"},"content":{"rendered":"<p>Lugu, et Vennaskonda on aja jooksul ja t\u00e4nini panustanud mitu p\u00e4rnakatki, ei ole p\u00f5hjalikumalt lahti r\u00e4\u00e4gitud. See kirjat\u00fckk proovib seda viga parandada.<\/p>\n<p>Ansambel Vennaskond on nii muusikalise kui sotsiaalse fenomenina k\u00f5nekas ja t\u00e4henduslik. Suurel pildil kaardistamata P\u00e4rnu levimuusika l\u00e4hiajalugu pakub Vennaskonna puhul aga p\u00f5nevaid l\u00f5imumisi b\u00e4ndi enda ja siinsete muusikute vahel. See artikkel ongi \u00fchelt poolt P\u00e4rnu levimuusika kirgliku huvilise katsetus valgustamata \u00e4\u00e4reala v\u00e4lja selgitada, teisalt Vennaskonna f\u00e4nni austusavaldus oma lemmikule v\u00e4\u00e4rika auhinna puhul.<\/p>\n","protected":false},"excerpt":{"rendered":"Lugu, et Vennaskonda on aja jooksul ja t\u00e4nini panustanud mitu p\u00e4rnakatki, ei ole p\u00f5hjalikumalt lahti r\u00e4\u00e4gitud. See kirjat\u00fckk&hellip;\n","protected":false},"author":2,"featured_media":92925,"comment_status":"","ping_status":"","sticky":false,"template":"","format":"standard","meta":{"footnotes":"","_share_on_mastodon":"0"},"categories":[84],"tags":[45316,45314,45315,37,33,35,173,34,36,45312,45299,45313,140,215,144,1421,19286,42097],"class_list":["post-92924","post","type-post","status-publish","format-standard","has-post-thumbnail","category-muusika","tag-allan-vainola","tag-anneli-kadakas","tag-belka","tag-ee","tag-eesti","tag-eesti-keel","tag-entertainment","tag-estonia","tag-estonian","tag-hedwig-allika","tag-ivo-orav","tag-mati-podra","tag-meelelahutus","tag-music","tag-muusika","tag-parnu","tag-tonu-trubetsky","tag-vennaskond"],"share_on_mastodon":{"url":"https:\/\/pubeurope.com\/@ee\/115955855699569327","error":""},"_links":{"self":[{"href":"https:\/\/www.europesays.com\/ee\/wp-json\/wp\/v2\/posts\/92924","targetHints":{"allow":["GET"]}}],"collection":[{"href":"https:\/\/www.europesays.com\/ee\/wp-json\/wp\/v2\/posts"}],"about":[{"href":"https:\/\/www.europesays.com\/ee\/wp-json\/wp\/v2\/types\/post"}],"author":[{"embeddable":true,"href":"https:\/\/www.europesays.com\/ee\/wp-json\/wp\/v2\/users\/2"}],"replies":[{"embeddable":true,"href":"https:\/\/www.europesays.com\/ee\/wp-json\/wp\/v2\/comments?post=92924"}],"version-history":[{"count":0,"href":"https:\/\/www.europesays.com\/ee\/wp-json\/wp\/v2\/posts\/92924\/revisions"}],"wp:featuredmedia":[{"embeddable":true,"href":"https:\/\/www.europesays.com\/ee\/wp-json\/wp\/v2\/media\/92925"}],"wp:attachment":[{"href":"https:\/\/www.europesays.com\/ee\/wp-json\/wp\/v2\/media?parent=92924"}],"wp:term":[{"taxonomy":"category","embeddable":true,"href":"https:\/\/www.europesays.com\/ee\/wp-json\/wp\/v2\/categories?post=92924"},{"taxonomy":"post_tag","embeddable":true,"href":"https:\/\/www.europesays.com\/ee\/wp-json\/wp\/v2\/tags?post=92924"}],"curies":[{"name":"wp","href":"https:\/\/api.w.org\/{rel}","templated":true}]}}