{"id":92985,"date":"2026-01-25T14:33:07","date_gmt":"2026-01-25T14:33:07","guid":{"rendered":"https:\/\/www.europesays.com\/ee\/92985\/"},"modified":"2026-01-25T14:33:07","modified_gmt":"2026-01-25T14:33:07","slug":"marten-liiv-jai-mk-sarja-uldarvestuses-napilt-esiviisikust-valja","status":"publish","type":"post","link":"https:\/\/www.europesays.com\/ee\/92985\/","title":{"rendered":"Marten Liiv j\u00e4i MK-sarja \u00fcldarvestuses napilt esiviisikust v\u00e4lja"},"content":{"rendered":"<p>Kui reedel tuli Liiv samal distantsil kolmandaks, s\u00f5ites ajaks 34,29, siis t\u00e4na sai ta kirja 34,53. Sedapuhku tuli kolmandaks poolakas Marek Kania, kelle aeg oli identne Liivi reedese tulemusega. Liiv kaotas Kaniale 0,24ga.<\/p>\n<p>Nagu reedel, v\u00f5ttis ka seekord etapiv\u00f5idu poolakas Damian \u017burek, kes p\u00fcstitas rajarekordi 34,06. Taas \u00f5nnestus tal enda selja taha j\u00e4tta USA superstaar Jordan Stolz (+0,04), kes teenis MK-sarja \u00fcldv\u00f5idu nii 500 kui ka 1000 m distantsil.<\/p>\n<p>500 meetris hooajaga 499 punkti teeninud Stolzi j\u00e4rel l\u00f5petas \u00fcldarvestuses teisena \u017durek (441 p), kolmandaks tuli Jenning de Boo (372 p).<\/p>\n<p>Eile 1000 meetri \u00fcldarvestuses kuuenda koha kindlustanud Liiv tegi t\u00e4na sama ka poole l\u00fchemal distantsil. Ta kogus hooaja peale 290 punkti, viiendal kohal l\u00f5petanud Bj\u00f8rn Magnussenist j\u00e4i ta 12 silma kaugusele.<\/p>\n<p>Kiiruisutajate j\u00e4rgmine v\u00f5istlus on juba Milano Cortina ol\u00fcmpial, mis algab 12 p\u00e4eva p\u00e4rast. Liiv on esindatud nii 1000 kui ka 500 meetris, mille v\u00f5istlused on vastavalt 11. ja 14. veebruaril.<\/p>\n","protected":false},"excerpt":{"rendered":"Kui reedel tuli Liiv samal distantsil kolmandaks, s\u00f5ites ajaks 34,29, siis t\u00e4na sai ta kirja 34,53. Sedapuhku tuli&hellip;\n","protected":false},"author":2,"featured_media":92986,"comment_status":"","ping_status":"","sticky":false,"template":"","format":"standard","meta":{"footnotes":"","_share_on_mastodon":"0"},"categories":[5],"tags":[45338,45335,45337,26,27,32678,37,33,35,34,36,31,32,21,21672,28,29,16489,45336,4319,19,25,23,24,22,20,30],"class_list":["post-92985","post","type-post","status-publish","format-standard","has-post-thumbnail","category-uldised-uudised","tag-1000-meetrit","tag-500-meetrit","tag-bjorn-magnussen","tag-breaking-news","tag-breakingnews","tag-damian-zurek","tag-ee","tag-eesti","tag-eesti-keel","tag-estonia","tag-estonian","tag-featured-news","tag-featurednews","tag-headlines","tag-jordan-stolz","tag-latest-news","tag-latestnews","tag-liiv","tag-marek-kania","tag-milano-cortina-olumpia","tag-news","tag-populaarseimad-lood","tag-top-stories","tag-topstories","tag-uldised-uudised","tag-uudised","tag-viimased-uudised"],"share_on_mastodon":{"url":"https:\/\/pubeurope.com\/@ee\/115956233185613657","error":""},"_links":{"self":[{"href":"https:\/\/www.europesays.com\/ee\/wp-json\/wp\/v2\/posts\/92985","targetHints":{"allow":["GET"]}}],"collection":[{"href":"https:\/\/www.europesays.com\/ee\/wp-json\/wp\/v2\/posts"}],"about":[{"href":"https:\/\/www.europesays.com\/ee\/wp-json\/wp\/v2\/types\/post"}],"author":[{"embeddable":true,"href":"https:\/\/www.europesays.com\/ee\/wp-json\/wp\/v2\/users\/2"}],"replies":[{"embeddable":true,"href":"https:\/\/www.europesays.com\/ee\/wp-json\/wp\/v2\/comments?post=92985"}],"version-history":[{"count":0,"href":"https:\/\/www.europesays.com\/ee\/wp-json\/wp\/v2\/posts\/92985\/revisions"}],"wp:featuredmedia":[{"embeddable":true,"href":"https:\/\/www.europesays.com\/ee\/wp-json\/wp\/v2\/media\/92986"}],"wp:attachment":[{"href":"https:\/\/www.europesays.com\/ee\/wp-json\/wp\/v2\/media?parent=92985"}],"wp:term":[{"taxonomy":"category","embeddable":true,"href":"https:\/\/www.europesays.com\/ee\/wp-json\/wp\/v2\/categories?post=92985"},{"taxonomy":"post_tag","embeddable":true,"href":"https:\/\/www.europesays.com\/ee\/wp-json\/wp\/v2\/tags?post=92985"}],"curies":[{"name":"wp","href":"https:\/\/api.w.org\/{rel}","templated":true}]}}