{"id":92998,"date":"2026-01-25T14:52:06","date_gmt":"2026-01-25T14:52:06","guid":{"rendered":"https:\/\/www.europesays.com\/ee\/92998\/"},"modified":"2026-01-25T14:52:06","modified_gmt":"2026-01-25T14:52:06","slug":"boomist-virinaks-bitcoin-libiseb-langustrendi-territooriumile-bitcoin-com-news","status":"publish","type":"post","link":"https:\/\/www.europesays.com\/ee\/92998\/","title":{"rendered":"Boomist virinaks: Bitcoin libiseb langustrendi territooriumile &#8211; Bitcoin.com News"},"content":{"rendered":"<ol>\n<li><a href=\"https:\/\/news.google.com\/rss\/articles\/CBMilAFBVV95cUxNQi1oZzVPNThYRm9wZklxTUVSTE9GSlg2TnlIRmdEMGVId21GS3NHWVRMUFR2NDF2MlVnRWk4UHlCRGtPVGZJeld0MV9yODl2c2RlVnpGelJYY3F3RF9FX1ZRRWhjbWFOYWw5cXZRNDFUWFNWR0FTYkJQTjJWcWtWNVdmV3owdEdQVlZ4Q2pBYm5Lb0pZ?oc=5\" target=\"_blank\" rel=\"nofollow noopener\">Boomist virinaks: Bitcoin libiseb langustrendi territooriumile<\/a>&nbsp;&nbsp;Bitcoin.com News<\/li>\n<li><a href=\"https:\/\/news.google.com\/rss\/articles\/CBMi6gFBVV95cUxNSXQ2b0QwMnZpSFZWbWgtVEdQN056SGpWS2FNckVsTFRtbk5ZZkZhSGhoZjg5aTFJVzRVUEU3RFAyaXRKaUt3d0FaOXA2dXAxUTI2OC1heDRBX3ZnOUlOZVRwUmRSeUcxaTJmUHVSUk5rN0dxVkU3YUhTTlhuX1lhS1NqeVNNck5kaTdERE1KT1VmM2ttNFhNMDhReGNtSmhrbGlvVWMtNnhLdWtCWkI0ajFYaXJoZGVBaUUwaGlHSjdiREdaOWl5alRmbEJuUjFESlBHUF9lVi1WRklwWUwyaUYyeFVWMDFiQXc?oc=5\" target=\"_blank\" rel=\"nofollow noopener\">Bitcoin konsolideerub 90 tuhande dollari l\u00e4hedal volatiilsuse keskel, kuna jahtuv PCE inflatsioon soodustab riskialti meeleolu<\/a>&nbsp;&nbsp;Bitcoin.com News<\/li>\n<li><a href=\"https:\/\/news.google.com\/rss\/articles\/CBMinwFBVV95cUxQaW9OVWd1dEZxRXZRMTBqUC1uTmw2QkZKSGJmLVB1enRHQ1doYXZXMm1CdnMzWEdKV3ZDSXBuNnkwLWJHWGJFaVR3V1YxOXdRTzlVal9KdU10UXU0S00wSFB2N2pBMDY2SjNOakhqcjR2SXM1Sy1WSDNTd1NPcEFydEFZYWdwQ2ozdWhlZ1AyVWFCY3NFbG94b2JBVklPYmM?oc=5\" target=\"_blank\" rel=\"nofollow noopener\">N\u00e4dala prognoos: Bitcoini v\u00e4ljavaated s\u00f5ltuvad F\u00f6deraalreservi signaalidest p\u00e4rast n\u00e4dalast langust<\/a>&nbsp;&nbsp;Traders Union<\/li>\n<li><a href=\"https:\/\/news.google.com\/rss\/articles\/CBMitAFBVV95cUxPNk43Z24xSkhoZjlpVlFRSEdqdWVHd2pnWFpRMXJwMlFpZ1k5T1dDVy03WDRiUWxEU1JiMy1PVzlGdEx2WUdycUtjR0pZV0k5S3VwNFFrNnhnYXpET19mRnRfVWZkbnhQWDRTenZ0amtBWFhYcHJKYXZHRnBBTGlPYUVkNmt4U2poMWhGMXVUVHNaeHZmY3lyNXRIY2YtTnVMdUdfa1RFRUdic1VIaTc4UEFzQUo?oc=5\" target=\"_blank\" rel=\"nofollow noopener\">Bitcoin stabiliseerub v\u00f5tmetasemetest k\u00f5rgemal, kuid see eelm\u00fc\u00fck on koht, kuhu 100x jahimehed liiguvad<\/a>&nbsp;&nbsp;FinanceFeeds<\/li>\n<li><a href=\"https:\/\/news.google.com\/rss\/articles\/CBMiywFBVV95cUxPbC0wdkZGaTJGNXhwRTBYbVZvckF0U1NkNVcyNzhwa1N2YUVWRkZ3ZURKckR3YThtcXB1Qmt1ZVhjMXFhRklWNUFzYnJSVlJjTFVTSG10NWZ0b0tIQnRta3daZGh6ejRLVGpmNjE2Zl9ibmtRcC1pYmwzOXpVNC1yNEU5R2tjY0ZTVFVLS0RBbnRmZWFYLVh2ZnQtMFh5T1pFdFVBQzF2NVdpdGFsc3Bwb2h4bDJpcWZ3bUFCQW1tNXJRMmg4aHRJSndQaw?oc=5\" target=\"_blank\" rel=\"nofollow noopener\">Bitcoin seisab silmitsi suurenenud langusriskiga, kuna 4 indikaatorit p\u00fcsivad kindlalt langustrendidena<\/a>&nbsp;&nbsp;Bitcoin.com News<\/li>\n<\/ol>\n","protected":false},"excerpt":{"rendered":"Boomist virinaks: Bitcoin libiseb langustrendi territooriumile&nbsp;&nbsp;Bitcoin.com News Bitcoin konsolideerub 90 tuhande dollari l\u00e4hedal volatiilsuse keskel, kuna jahtuv PCE&hellip;\n","protected":false},"author":2,"featured_media":92999,"comment_status":"","ping_status":"","sticky":false,"template":"","format":"standard","meta":{"footnotes":"","_share_on_mastodon":"0"},"categories":[14],"tags":[131,5230,3001,7901,130,37,33,35,34,36,5045,32539],"class_list":["post-92998","post","type-post","status-publish","format-standard","has-post-thumbnail","category-ari","tag-ari","tag-bearish","tag-bitcoin-btc","tag-bitcoin-price","tag-business","tag-ee","tag-eesti","tag-eesti-keel","tag-estonia","tag-estonian","tag-markets-and-prices","tag-technical-analysis"],"share_on_mastodon":{"url":"https:\/\/pubeurope.com\/@ee\/115956308248792616","error":""},"_links":{"self":[{"href":"https:\/\/www.europesays.com\/ee\/wp-json\/wp\/v2\/posts\/92998","targetHints":{"allow":["GET"]}}],"collection":[{"href":"https:\/\/www.europesays.com\/ee\/wp-json\/wp\/v2\/posts"}],"about":[{"href":"https:\/\/www.europesays.com\/ee\/wp-json\/wp\/v2\/types\/post"}],"author":[{"embeddable":true,"href":"https:\/\/www.europesays.com\/ee\/wp-json\/wp\/v2\/users\/2"}],"replies":[{"embeddable":true,"href":"https:\/\/www.europesays.com\/ee\/wp-json\/wp\/v2\/comments?post=92998"}],"version-history":[{"count":0,"href":"https:\/\/www.europesays.com\/ee\/wp-json\/wp\/v2\/posts\/92998\/revisions"}],"wp:featuredmedia":[{"embeddable":true,"href":"https:\/\/www.europesays.com\/ee\/wp-json\/wp\/v2\/media\/92999"}],"wp:attachment":[{"href":"https:\/\/www.europesays.com\/ee\/wp-json\/wp\/v2\/media?parent=92998"}],"wp:term":[{"taxonomy":"category","embeddable":true,"href":"https:\/\/www.europesays.com\/ee\/wp-json\/wp\/v2\/categories?post=92998"},{"taxonomy":"post_tag","embeddable":true,"href":"https:\/\/www.europesays.com\/ee\/wp-json\/wp\/v2\/tags?post=92998"}],"curies":[{"name":"wp","href":"https:\/\/api.w.org\/{rel}","templated":true}]}}