{"id":93173,"date":"2026-01-25T20:54:13","date_gmt":"2026-01-25T20:54:13","guid":{"rendered":"https:\/\/www.europesays.com\/ee\/93173\/"},"modified":"2026-01-25T20:54:13","modified_gmt":"2026-01-25T20:54:13","slug":"mets-sattus-sulge-pritsinud-vastasega-mangu-jarel-fuusilisse-konflikti-st-pauli-tegi-avalduse-soccernet-ee-2","status":"publish","type":"post","link":"https:\/\/www.europesays.com\/ee\/93173\/","title":{"rendered":"Mets sattus s\u00fclge pritsinud vastasega m\u00e4ngu j\u00e4rel f\u00fc\u00fcsilisse konflikti, St. Pauli tegi avalduse &#8211; Soccernet.ee"},"content":{"rendered":"<p><img decoding=\"async\" src=\"https:\/\/www.europesays.com\/ee\/wp-content\/uploads\/2026\/01\/1769368176.jpg\" alt=\"Karol Mets ja Luka Vu\u0161kovic said kokku nii platsi peal kui selle k\u00f5rval. Foto: picture alliance \/ BEAUTIFUL SPORTS \/ Scanpix\"\/>&#13;\n<\/p>\n<p>Laup\u00e4evane linnaderbi St. Pauli ja Hamburgi vahel m\u00f6\u00f6dus platsil k\u00fcll suhteliselt s\u00fcndmustevaeselt, ent sama ei saa \u00f6elda m\u00e4nguj\u00e4rgse intsidendi kohta, milles m\u00e4ngis oma rolli ka Eesti koondise kapten Karol Mets.<\/p>\n<p>V\u00e4ravateta viigiga l\u00f5ppenud tulise derbi ajal ja j\u00e4rel v\u00f5tsid St. Pauli f\u00e4nnid eriti j\u00e4rjepidevalt Hamburgi 18-aastase keskkaitsja Luka Vu\u0161kovici kallal &#8211; tema samas klubis m\u00e4ngiv vanem vend Mario kannab parasjagu dopingukaristust ning kodumeeskonna f\u00e4nnid ei j\u00e4tnud seda noorele horvaadile pidevalt ja nii verbaalselt kui plakatitega meelde tuletamata.&#13;\n<\/p>\n<p>Paistab, et f\u00e4nnid p\u00e4\u00e4sesidki sellega Vu\u0161kovicile naha alla, sest v\u00e4ljaku peal Skyle antud intervjuus oli Tottenhamist laenul olev m\u00e4ngija p\u00e4ris pahane. &#8220;Ma ei tea, mida St. Pauli f\u00e4nnid m\u00f5tlevad. Minu perekonna ja venna r\u00fcndamine n\u00e4itab austuse puudumist. Mul ei ole nende f\u00e4nnide kohta midagi head \u00f6elda.&#8221;&#13;\n<\/p>\n<blockquote class=\"twitter-tweet\"><p>&#13;<\/p>\n<p lang=\"und\" dir=\"ltr\">Luka Vu\u0161kovi\u0107 defending his brother after the St. Pauli fans had a banner &#8220;Mar\ud83d\udc89o&#8221; in the stands. <a href=\"https:\/\/t.co\/gftBXppXhf\" rel=\"nofollow\">pic.twitter.com\/gftBXppXhf<\/a>&#13;<br \/>\n\u2014 Croatian Football \ud83c\udded\ud83c\uddf7 (@croatian_footy) <a href=\"https:\/\/twitter.com\/croatian_footy\/status\/2014984133357818108?ref_src=twsrc%5Etfw\" rel=\"nofollow noopener\" target=\"_blank\">January 24, 2026<\/a><br type=\"_moz\"\/>&#13;\n<\/p>\n<\/blockquote>\n<p>Vu\u0161kovici viha ei l\u00f5ppenud aga teleintervjuuga, sest Saksa meedia v\u00e4itel kostitas Vu\u0161kovic seej\u00e4rel riietusruumide poole k\u00f5mpides St. Pauli f\u00e4nne \u017eestidega, siseruumidesse j\u00f5udes oli ta aga veelgi vihasem, k\u00e4itudes inetult ja s\u00fclitades mitmele poole, sealhulgas St. Pauli logo peale. Selline &#8220;austusavaldus&#8221; ei j\u00e4\u00e4nud m\u00e4rkamata Karol Metsal, kes oli seepeale Vu\u0161koviciga kergemasse pusklemisse sattunud.&#13;\n<\/p>\n<p>St. Pauli avaldas selle j\u00e4rel ametliku seisukoha. &#8220;Derbi on seotud tugevate emotsioonidega. See sisaldab endas nii t\u00f6gamist kui kahetsusv\u00e4\u00e4rsel kombel ka m\u00f5lemapoolseid solvanguid. Need iseenesest ei ole teretulnud ning m\u00f5lemad pooled peaksid end nendest distantserima. Tulises atmosf\u00e4\u00e4ris on need teatud m\u00e4\u00e4ral k\u00fcll tolereeritud, aga need ei ole tegelikult osaks austusv\u00e4\u00e4rsest k\u00e4itumisest,&#8221; algas avaldus.&#13;\n<\/p>\n<p>&#8220;Klubina tahame j\u00e4\u00e4da igas olukorras vastast austavaks. See t\u00e4hendab, et meie trib\u00fc\u00fcnidel ei ole kohta alandavatel h\u00fc\u00fcetel ega seksistlikel b\u00e4nneritel, mida n\u00e4gime HSV sektoris. Eeldame, et m\u00e4ngijad, treenerid ja klubi ametnikud k\u00e4ituvad professionaalselt. See t\u00e4hendab ka seda, et ennast ei lasta provotseerida, f\u00e4nnidega ei k\u00e4ituta inetult ja ei \u00fcletata teatud piire &#8211; n\u00e4iteks ei s\u00fclitata f\u00e4nnide suunas v\u00f5i p\u00f5randale ja seintele riietusruumide juures. Emotsioonid selgitavad palju, aga need ei \u00f5igusta k\u00f5ike. Seda arvestades peame \u00e4rritavaks, et olukorrast luuakse \u00fchepoolne pilt, kus justkui vaid \u00fcks pool oleks provotseerinud ja t\u00fcli norinud. \u00dcldiselt on aga olulisem, et derbi m\u00f6\u00f6dus suuresti rahulikult ja murevabalt. St. Pauli jaoks on m\u00e4ngiud HSV-ga selleks hooajaks l\u00e4bi ning seame pilgud ettepoole.&#8221;\u00a0<\/p>\n<p>          <script async src=\"https:\/\/platform.twitter.com\/widgets.js\" charset=\"utf-8\"><\/script><\/p>\n","protected":false},"excerpt":{"rendered":"&#13; Laup\u00e4evane linnaderbi St. Pauli ja Hamburgi vahel m\u00f6\u00f6dus platsil k\u00fcll suhteliselt s\u00fcndmustevaeselt, ent sama ei saa \u00f6elda&hellip;\n","protected":false},"author":2,"featured_media":93148,"comment_status":"","ping_status":"","sticky":false,"template":"","format":"standard","meta":{"footnotes":"","_share_on_mastodon":"0"},"categories":[18],"tags":[37,33,35,34,36,45424,529,5040,45425,5176,159,158,1002,45426],"class_list":["post-93173","post","type-post","status-publish","format-standard","has-post-thumbnail","category-sport","tag-ee","tag-eesti","tag-eesti-keel","tag-estonia","tag-estonian","tag-fc-st-pauli","tag-hamburg","tag-karol-mets","tag-luka-vuskovic","tag-mets","tag-sport","tag-sports","tag-st-pauli","tag-vuskovic"],"share_on_mastodon":{"url":"https:\/\/pubeurope.com\/@ee\/115957731352035819","error":""},"_links":{"self":[{"href":"https:\/\/www.europesays.com\/ee\/wp-json\/wp\/v2\/posts\/93173","targetHints":{"allow":["GET"]}}],"collection":[{"href":"https:\/\/www.europesays.com\/ee\/wp-json\/wp\/v2\/posts"}],"about":[{"href":"https:\/\/www.europesays.com\/ee\/wp-json\/wp\/v2\/types\/post"}],"author":[{"embeddable":true,"href":"https:\/\/www.europesays.com\/ee\/wp-json\/wp\/v2\/users\/2"}],"replies":[{"embeddable":true,"href":"https:\/\/www.europesays.com\/ee\/wp-json\/wp\/v2\/comments?post=93173"}],"version-history":[{"count":0,"href":"https:\/\/www.europesays.com\/ee\/wp-json\/wp\/v2\/posts\/93173\/revisions"}],"wp:featuredmedia":[{"embeddable":true,"href":"https:\/\/www.europesays.com\/ee\/wp-json\/wp\/v2\/media\/93148"}],"wp:attachment":[{"href":"https:\/\/www.europesays.com\/ee\/wp-json\/wp\/v2\/media?parent=93173"}],"wp:term":[{"taxonomy":"category","embeddable":true,"href":"https:\/\/www.europesays.com\/ee\/wp-json\/wp\/v2\/categories?post=93173"},{"taxonomy":"post_tag","embeddable":true,"href":"https:\/\/www.europesays.com\/ee\/wp-json\/wp\/v2\/tags?post=93173"}],"curies":[{"name":"wp","href":"https:\/\/api.w.org\/{rel}","templated":true}]}}