{"id":93179,"date":"2026-01-25T21:06:06","date_gmt":"2026-01-25T21:06:06","guid":{"rendered":"https:\/\/www.europesays.com\/ee\/93179\/"},"modified":"2026-01-25T21:06:06","modified_gmt":"2026-01-25T21:06:06","slug":"xrp-vajub-kuna-vahemikust-valjalangemine-viitab-pusivale-langustrendile-bitcoin-com-news","status":"publish","type":"post","link":"https:\/\/www.europesays.com\/ee\/93179\/","title":{"rendered":"XRP vajub, kuna vahemikust v\u00e4ljalangemine viitab p\u00fcsivale langustrendile &#8211; Bitcoin.com News"},"content":{"rendered":"<ol>\n<li><a href=\"https:\/\/news.google.com\/rss\/articles\/CBMiogFBVV95cUxQSS1YRHBrekF2RGxRcUxXeDFZWTVyWDA4bGRIcmx0Qk1QSWVYV1ltaE1kRzhvdWpqZDRqdzJTUUdFWmtZdDhSa2tqYi12OHo0MXY4Ml8tMTJsMm5memFUcF9VaXc1V1lWLVg2WWxMeXc5VWhweGExcXJRN0gxdEFrWXFMS2NNUkdhbEpUaENQUE1LWnhmSzd4c3NTQW9keW1MWlE?oc=5\" target=\"_blank\" rel=\"nofollow noopener\">XRP vajub, kuna vahemikust v\u00e4ljalangemine viitab p\u00fcsivale langustrendile<\/a>&nbsp;&nbsp;Bitcoin.com News<\/li>\n<li><a href=\"https:\/\/news.google.com\/rss\/articles\/CBMisAFBVV95cUxNSnJtWnhlZWpLV05ySlBCeGh4SklUZlZ2YXl3OFNseVJtUFpYR2V2cnYzTzJ0anF4OEtWem9hNXVQb2xxOEtWM0ZjS0o3S2FUMWhueWlrUXdGMkNGQU1RZVlzb1MteHFFZEZHa2Q1cWY5cmtjQlFNczQ1S09TcDh2ZnctQ2NWTDRZV3hSaW9lb1lEeUo3M1BXN1B2SHRMSGJncHRzeG1IcXZQZ2Jhb0JPbQ?oc=5\" target=\"_blank\" rel=\"nofollow noopener\">XRP t\u00f5useb, kuna Ripple&#8217;i uudised ja makromuutused s\u00fctitavad kauplejate v\u00e4rske huvi<\/a>&nbsp;&nbsp;Bitcoin.com News<\/li>\n<li><a href=\"https:\/\/news.google.com\/rss\/articles\/CBMioAFBVV95cUxQdGlNa0xtV2pjWjUwS2c1MzlELVpSS0Rob2I5R2c4akp3WEFmYUplb3pVbTMxRDE3UmtNUHk4RFQ5UTdkdTFLWFI3Y1B1cmoyMUhYVTUyVzEtWWFrMEo1aGtaWFl6OTdtcW05SDdzUmJWMkM4S1Fjc0xXZ2Q4ZnVtLUQzdURFVEpnWXhoSWFuOThtY1Y1ejkxekk4MzlHVGZ6?oc=5\" target=\"_blank\" rel=\"nofollow noopener\">Miks on XRP t\u00e4na (20. jaanuar) langenud?<\/a>&nbsp;&nbsp;Traders Union<\/li>\n<li><a href=\"https:\/\/news.google.com\/rss\/articles\/CBMiugFBVV95cUxOZU0wa3F0U0dtYVViQVNHajVkX29uUUNHNWV4Wl9pcWo0SzNEWm8xWF9HWE1lNW5Ec0RUeEptU2x3MllIRXBFeEZJT2JCOFROOFQyYTFCNHgtLUNBUUlnbDlVWmNaMnE3cVZoQ2d5NkRtRTNCdW53LVprYXVOUW84VW5UZkFEU2NpNHdGX0NDenQ1YV81QS1iSll0cmozOE1JZi14WVpKUC03MFlZdlJSTFNXWmstdjEtTGc?oc=5\" target=\"_blank\" rel=\"nofollow noopener\">Alpha signaalid n\u00e4itavad, et XRP kordab mustrit, mis kunagi eelnes suurematele liikumistele<\/a>&nbsp;&nbsp;Bitcoin.com News<\/li>\n<li><a href=\"https:\/\/news.google.com\/rss\/articles\/CBMioAFBVV95cUxQeUNrbGhsRUhHRkNhTW8xMGF4TjFDUzFzendEajRIUUI2a282V1E4dGtTZ0ZVb0lZdmxRTXg3b1hycGUwbHpnTmF0bDA4T2R6b0Yxc0tIbXRZemZranJubHBIelkwN3FaZU5KODJWZkMxbTc3eFZoVC13LXhXY0hGQ0g3YzgwelN2M093WXVqNmVEY3EzWEM2aGFMZV9YWjVa?oc=5\" target=\"_blank\" rel=\"nofollow noopener\">Miks on XRP t\u00e4na (19. jaanuar) langenud?<\/a>&nbsp;&nbsp;Traders Union<\/li>\n<\/ol>\n","protected":false},"excerpt":{"rendered":"XRP vajub, kuna vahemikust v\u00e4ljalangemine viitab p\u00fcsivale langustrendile&nbsp;&nbsp;Bitcoin.com News XRP t\u00f5useb, kuna Ripple&#8217;i uudised ja makromuutused s\u00fctitavad kauplejate&hellip;\n","protected":false},"author":2,"featured_media":93180,"comment_status":"","ping_status":"","sticky":false,"template":"","format":"standard","meta":{"footnotes":"","_share_on_mastodon":"0"},"categories":[14],"tags":[131,5230,130,37,33,35,34,36,5046,8262],"class_list":["post-93179","post","type-post","status-publish","format-standard","has-post-thumbnail","category-ari","tag-ari","tag-bearish","tag-business","tag-ee","tag-eesti","tag-eesti-keel","tag-estonia","tag-estonian","tag-ripple-xrp","tag-xrp-price"],"share_on_mastodon":{"url":"https:\/\/pubeurope.com\/@ee\/115957778578987974","error":""},"_links":{"self":[{"href":"https:\/\/www.europesays.com\/ee\/wp-json\/wp\/v2\/posts\/93179","targetHints":{"allow":["GET"]}}],"collection":[{"href":"https:\/\/www.europesays.com\/ee\/wp-json\/wp\/v2\/posts"}],"about":[{"href":"https:\/\/www.europesays.com\/ee\/wp-json\/wp\/v2\/types\/post"}],"author":[{"embeddable":true,"href":"https:\/\/www.europesays.com\/ee\/wp-json\/wp\/v2\/users\/2"}],"replies":[{"embeddable":true,"href":"https:\/\/www.europesays.com\/ee\/wp-json\/wp\/v2\/comments?post=93179"}],"version-history":[{"count":0,"href":"https:\/\/www.europesays.com\/ee\/wp-json\/wp\/v2\/posts\/93179\/revisions"}],"wp:featuredmedia":[{"embeddable":true,"href":"https:\/\/www.europesays.com\/ee\/wp-json\/wp\/v2\/media\/93180"}],"wp:attachment":[{"href":"https:\/\/www.europesays.com\/ee\/wp-json\/wp\/v2\/media?parent=93179"}],"wp:term":[{"taxonomy":"category","embeddable":true,"href":"https:\/\/www.europesays.com\/ee\/wp-json\/wp\/v2\/categories?post=93179"},{"taxonomy":"post_tag","embeddable":true,"href":"https:\/\/www.europesays.com\/ee\/wp-json\/wp\/v2\/tags?post=93179"}],"curies":[{"name":"wp","href":"https:\/\/api.w.org\/{rel}","templated":true}]}}