{"id":93391,"date":"2026-01-26T08:23:11","date_gmt":"2026-01-26T08:23:11","guid":{"rendered":"https:\/\/www.europesays.com\/ee\/93391\/"},"modified":"2026-01-26T08:23:11","modified_gmt":"2026-01-26T08:23:11","slug":"rank-lumetorm-on-usa-s-tapnud-vahemalt-kumme-inimest-maailm-postimees-ee","status":"publish","type":"post","link":"https:\/\/www.europesays.com\/ee\/93391\/","title":{"rendered":"R\u00e4nk lumetorm on USA-s tapnud v\u00e4hemalt k\u00fcmme inimest &#8211; Maailm &#8211; Postimees.ee"},"content":{"rendered":"<ol>\n<li><a href=\"https:\/\/news.google.com\/rss\/articles\/CBMikgFBVV95cUxNYmxiOUVtaDNPOWZKcUgzbFFkdzgtODRNQl9ENEdzUXFhMG9aODVqQlQtZVE0R0c0VmpERGxZVWpoaDRYQlNXNndWT1M0MW1vR29pWnBiRWdSRXo4NGhpNVJGYkZZT2ZEMzA3YXJKY2p4LTJZVDVuTHNmUEtTQzhNLXE2WUIxalpNeUdSZUloTWVSUQ?oc=5\" target=\"_blank\" rel=\"nofollow noopener\">R\u00e4nk lumetorm on USA-s tapnud v\u00e4hemalt k\u00fcmme inimest<\/a>&nbsp;&nbsp;Maailm &#8211; Postimees.ee<\/li>\n<li><a href=\"https:\/\/news.google.com\/rss\/articles\/CBMigwFBVV95cUxPNC02Vk5Yb05iblFGOHYzSEVaRXp1cXVkenk3NXlqbkJwY3NES3ZHTW5mSUl5cGFsbDhNZFR4dHpCdmplalZDaVZteHJXMDhUWUs0c1NOSGE1MmNFSWx1Ni10cXlQVkFwbEhnem1lVTlDT1R3QnZacU1UNmdxYVZYMUZBMA?oc=5\" target=\"_blank\" rel=\"nofollow noopener\">Talvetorm j\u00e4ttis USA-s sajad tuhanded elektrita<\/a>&nbsp;&nbsp;ERR<\/li>\n<li><a href=\"https:\/\/news.google.com\/rss\/articles\/CBMitAFBVV95cUxOaG5xN0F4TnV6bjdTY2RldmdUZGxjU0E2bDdXb2NLQkUxcmFuYzVGYVRPOU43NEJUN0pkME8zTW95WHB4QTZIY3I2NG1KSmZpUmJsUUlhYXN6REJNNmRDREJ3c2NWN0NBelBuR0huNXhmRU5iLWFJMGlwYWVOMmhhaU5YWjJ6V3RJQ2Q1N2dwZUhOU294UE11N1RWcEx5dFFBNHk1dUtIMTZqOHBjTGEtTkY4VW0?oc=5\" target=\"_blank\" rel=\"nofollow noopener\">VIDEO | R\u00e4nk lumetorm halvab USA-s elutegevust, eriti h\u00e4das on l\u00f5unaosariigid<\/a>&nbsp;&nbsp;Delfi<\/li>\n<li><a href=\"https:\/\/news.google.com\/rss\/articles\/CBMiuAFBVV95cUxPY1Y0aHJobjhVOGNrYzRnVzZEQ0dMLU5KMjJBX1ZsOUQtVEJ1YkFNdGc5ZGY0SUhJR3U3WVkxN1NualI3STVzQ19tZnh5NVBSdVhtNUZuZmc2dDU5aTVOZGNGSHpJVTRsMnRTOFE1cVg5aEZYNzdJbW1nbnJpcDdKanUtY1c5WlpmbDlJMFNCbHNPVXAtbmNhelMxRXo5WERKajJCY0FhOFEzUkNpTkYyZVRndEZuY2hX?oc=5\" target=\"_blank\" rel=\"nofollow noopener\">Ameerikat v\u00f5ib kohe tabada enneolematult laastav lume- ja j\u00e4\u00e4torm \u2013 k\u00f5ik valmistuvad<\/a>&nbsp;&nbsp;Teadus<\/li>\n<li><a href=\"https:\/\/news.google.com\/rss\/articles\/CBMiogFBVV95cUxNNE04MHN6bVRpNXpYSlZmQm1GcmhMVzZnRXJmWUU4M0dINm9QQ19Wcm5mbVZsbXZkN1d3NjlyaXI1MHdqYlN0SEVrQ0R2MEw2c0JXdmNiM3NqUUx4UUl1WERmeVI0MG93NXA4M0NCWmFwNHJqRVN2cGhjMmlEVU5kaFZDN0piYnIxSVZja05CcWpwMjc5NmlVU01NOGNRMkFjWVHSAacBQVVfeXFMTmwwOVFCMkpfQ3Z0NkRsUHBPX1JUVVpqLTFMQ2ktZWlBYXhOZGdvbTJpX3NIMVI4QldBY3kzWkJKLU4tN3RGRHFpZzd0MmJQSHpOZzhHUExiODd5clJ2Yi1saXlYZ0I4TzhiWDJtQUVoTEQtZGwzNld6MFB5OWEyVVd2S3hPcDF3b2Z1OElpMTV0NDl2cU0tdkl3X3VGbFhKNTlnV0k1U1k?oc=5\" target=\"_blank\" rel=\"nofollow noopener\">Trump Ameerikat haaranud k\u00fclmalaine kohta: mis juhtus globaalse soojenemisega? &#8211; Uued Uudised<\/a>&nbsp;&nbsp;Uued uudised<\/li>\n<\/ol>\n","protected":false},"excerpt":{"rendered":"R\u00e4nk lumetorm on USA-s tapnud v\u00e4hemalt k\u00fcmme inimest&nbsp;&nbsp;Maailm &#8211; Postimees.ee Talvetorm j\u00e4ttis USA-s sajad tuhanded elektrita&nbsp;&nbsp;ERR VIDEO |&hellip;\n","protected":false},"author":2,"featured_media":93392,"comment_status":"","ping_status":"","sticky":false,"template":"","format":"standard","meta":{"footnotes":"","_share_on_mastodon":"0"},"categories":[5],"tags":[587,11796,26,27,37,33,35,851,34,36,31,32,21,28,29,18387,1173,19,45504,25,45503,23,24,22,20,30,2405],"class_list":["post-93391","post","type-post","status-publish","format-standard","has-post-thumbnail","category-uldised-uudised","tag-ameerika-uhendriigid","tag-boston","tag-breaking-news","tag-breakingnews","tag-ee","tag-eesti","tag-eesti-keel","tag-elektrikatkestused","tag-estonia","tag-estonian","tag-featured-news","tag-featurednews","tag-headlines","tag-latest-news","tag-latestnews","tag-lumesadu","tag-new-york","tag-news","tag-philadelphia","tag-populaarseimad-lood","tag-talvetorm","tag-top-stories","tag-topstories","tag-uldised-uudised","tag-uudised","tag-viimased-uudised","tag-washington"],"share_on_mastodon":{"url":"https:\/\/pubeurope.com\/@ee\/115960440587728749","error":""},"_links":{"self":[{"href":"https:\/\/www.europesays.com\/ee\/wp-json\/wp\/v2\/posts\/93391","targetHints":{"allow":["GET"]}}],"collection":[{"href":"https:\/\/www.europesays.com\/ee\/wp-json\/wp\/v2\/posts"}],"about":[{"href":"https:\/\/www.europesays.com\/ee\/wp-json\/wp\/v2\/types\/post"}],"author":[{"embeddable":true,"href":"https:\/\/www.europesays.com\/ee\/wp-json\/wp\/v2\/users\/2"}],"replies":[{"embeddable":true,"href":"https:\/\/www.europesays.com\/ee\/wp-json\/wp\/v2\/comments?post=93391"}],"version-history":[{"count":0,"href":"https:\/\/www.europesays.com\/ee\/wp-json\/wp\/v2\/posts\/93391\/revisions"}],"wp:featuredmedia":[{"embeddable":true,"href":"https:\/\/www.europesays.com\/ee\/wp-json\/wp\/v2\/media\/93392"}],"wp:attachment":[{"href":"https:\/\/www.europesays.com\/ee\/wp-json\/wp\/v2\/media?parent=93391"}],"wp:term":[{"taxonomy":"category","embeddable":true,"href":"https:\/\/www.europesays.com\/ee\/wp-json\/wp\/v2\/categories?post=93391"},{"taxonomy":"post_tag","embeddable":true,"href":"https:\/\/www.europesays.com\/ee\/wp-json\/wp\/v2\/tags?post=93391"}],"curies":[{"name":"wp","href":"https:\/\/api.w.org\/{rel}","templated":true}]}}