{"id":93608,"date":"2026-01-26T12:42:06","date_gmt":"2026-01-26T12:42:06","guid":{"rendered":"https:\/\/www.europesays.com\/ee\/93608\/"},"modified":"2026-01-26T12:42:06","modified_gmt":"2026-01-26T12:42:06","slug":"klops-kaksikute-ootel-lauljatar-shira-saab-emaks","status":"publish","type":"post","link":"https:\/\/www.europesays.com\/ee\/93608\/","title":{"rendered":"KL\u00d5PS | Kaksikute ootel! Lauljatar Shira saab emaks"},"content":{"rendered":"<p>Shira, kodanikunimega Marika Rodionova, andis oma uuest eluetapist teada \u00fchismeedias. \u201eRasedus on mulle n\u00e4idanud, kui v\u00f5imas on tegelikult naise keha. Isegi siis, kui sa seda endale ei teadvusta. Isegi siis, kui tunned, et ei jaksa enam, leiad \u00fchel hetkel endas j\u00e4lle j\u00f5udu. Keha kohaneb olukordadega, mis esmapilgul lihtsalt p\u00e4he ei mahu. M\u00fcstika,\u201c kirjutas muusik Instagramis.<\/p>\n<p>Tema perre s\u00fcnnivad kaksikud. \u201eSuvest saati oleme oma v\u00e4ikeses mullis k\u00fcpsetanud kahte pisikest saiakest. Kohtume oma poistega juba veebruaris ning ei j\u00f5ua \u00e4ra oodata, et saaksime neid oma k\u00e4te vahel hoida, nendega koos kasvada ja elu kogeda,\u201c \u00f5hkas Shira.<\/p>\n<p>\u201eMa ei suuda s\u00f5nadesse panna, kui t\u00e4nulik ma olen oma k\u00f5ige l\u00e4hedasematele, kes on meid armastuse ja toetusega \u00fcmbritsenud. Ja ma ei oskaks endale paremat elukaaslast sel teekonnal soovida,\u201c lisas ta.<\/p>\n<p>Shira (27) elukaaslane on Marduk Technologies \u00e4ritegevuse juht Leet Rauno Lember (32).<\/p>\n<p>Shira astus \u00fcles 2022. aasta Eesti Laulu teises poolfinaalis koos ansambel P\u00far M\u00faddiga (\u201eGolden Shores\u201c). Finaali nad ei p\u00e4\u00e4senud. <\/p>\n<p>Enne Eesti Laul 2022 teist poolfinaali oli Saku Suurhalli tagaruumides \u00e4rev \u00f5hkkond, sest lauljatar Shirale kutsuti pool tundi enne otsesaate algust kiirabi.<\/p>\n<p>&#8220;Midagi hullu ei juhtunud. See oli suur \u00fcllatus ka minu jaoks. Ma ei lasku detailidesse, aga oli halb olla,&#8221; kommenteeris Shira Kroonikale lauluv\u00f5istluse vahepausi ajal. <\/p>\n<p>Kuidas see lugu Sind end tundma pani? Saada <a href=\"https:\/\/kroonika.delfi.ee\/artikkel\/120431885\/klops-kaksikute-ootel-lauljatar-shira-saab-emaks\/kommentaarid\" class=\"article-body-bottom__comment article-body-bottom__comment--write button button--primary button--size-auto\" rel=\"nofollow noopener\" target=\"_blank\"> Kommenteeri <\/a><a href=\"https:\/\/kroonika.delfi.ee\/artikkel\/120431885\/klops-kaksikute-ootel-lauljatar-shira-saab-emaks\/kommentaarid\" class=\"article-body-bottom__comment article-body-bottom__comment--read button button--size-auto\" rel=\"nofollow noopener\" target=\"_blank\"> Loe kommentaare (1)<\/a><\/p>\n","protected":false},"excerpt":{"rendered":"Shira, kodanikunimega Marika Rodionova, andis oma uuest eluetapist teada \u00fchismeedias. \u201eRasedus on mulle n\u00e4idanud, kui v\u00f5imas on tegelikult&hellip;\n","protected":false},"author":2,"featured_media":93609,"comment_status":"","ping_status":"","sticky":false,"template":"","format":"standard","meta":{"footnotes":"","_share_on_mastodon":"0"},"categories":[16],"tags":[37,33,35,173,34,36,140,45597],"class_list":["post-93608","post","type-post","status-publish","format-standard","has-post-thumbnail","category-meelelahutus","tag-ee","tag-eesti","tag-eesti-keel","tag-entertainment","tag-estonia","tag-estonian","tag-meelelahutus","tag-shira"],"share_on_mastodon":{"url":"https:\/\/pubeurope.com\/@ee\/115961459128717564","error":""},"_links":{"self":[{"href":"https:\/\/www.europesays.com\/ee\/wp-json\/wp\/v2\/posts\/93608","targetHints":{"allow":["GET"]}}],"collection":[{"href":"https:\/\/www.europesays.com\/ee\/wp-json\/wp\/v2\/posts"}],"about":[{"href":"https:\/\/www.europesays.com\/ee\/wp-json\/wp\/v2\/types\/post"}],"author":[{"embeddable":true,"href":"https:\/\/www.europesays.com\/ee\/wp-json\/wp\/v2\/users\/2"}],"replies":[{"embeddable":true,"href":"https:\/\/www.europesays.com\/ee\/wp-json\/wp\/v2\/comments?post=93608"}],"version-history":[{"count":0,"href":"https:\/\/www.europesays.com\/ee\/wp-json\/wp\/v2\/posts\/93608\/revisions"}],"wp:featuredmedia":[{"embeddable":true,"href":"https:\/\/www.europesays.com\/ee\/wp-json\/wp\/v2\/media\/93609"}],"wp:attachment":[{"href":"https:\/\/www.europesays.com\/ee\/wp-json\/wp\/v2\/media?parent=93608"}],"wp:term":[{"taxonomy":"category","embeddable":true,"href":"https:\/\/www.europesays.com\/ee\/wp-json\/wp\/v2\/categories?post=93608"},{"taxonomy":"post_tag","embeddable":true,"href":"https:\/\/www.europesays.com\/ee\/wp-json\/wp\/v2\/tags?post=93608"}],"curies":[{"name":"wp","href":"https:\/\/api.w.org\/{rel}","templated":true}]}}