{"id":93697,"date":"2026-01-26T14:14:06","date_gmt":"2026-01-26T14:14:06","guid":{"rendered":"https:\/\/www.europesays.com\/ee\/93697\/"},"modified":"2026-01-26T14:14:06","modified_gmt":"2026-01-26T14:14:06","slug":"kultuurikomisjon-tahab-err-ile-anda-pikaajalise-eelarvegarantii-eesti","status":"publish","type":"post","link":"https:\/\/www.europesays.com\/ee\/93697\/","title":{"rendered":"Kultuurikomisjon tahab ERR-ile anda pikaajalise eelarvegarantii | Eesti"},"content":{"rendered":"<p>Riigikogu kultuurikomisjon n\u00e4eks, et Eesti Rahvusringh\u00e4\u00e4lingule (ERR) tuleks anda senisest pikaajalisem eelarvegarantii, \u00fctles komisjoni aseesimees T\u00f5nis Lukas (Isamaa). ERR-i juhatuse esimehe Erik Roose s\u00f5nul on see aga Pyrrhose v\u00f5it, olukorras, kus baasrahastus j\u00e4\u00e4b samaks.<\/p>\n<p>ERR-i hetkeolukorrast, rahastamisest ja arenguperspektiividest andsid komisjonis esmasp\u00e4eval \u00fclevaate ERR-i n\u00f5ukogu esimees Sulev Valner ja juhatuse esimees Erik Roose.\u00a0<\/p>\n<p>&#8220;Me jagasime vaadet, kuidas meil l\u00e4heb, ja t\u00f5desime, et ehkki k\u00f5iki asju tehakse vapralt, teeb ERR-i k\u00e4rbitud rahastus, eriti eelmise aasta k\u00e4rbete valguses, olukorra v\u00e4ga pingeliseks,&#8221; \u00fctles Sulev Valner.<\/p>\n<p>Valner lisas, et ERR-i eesm\u00e4rk on j\u00e4tkata v\u00f5imalikult h\u00e4sti oma missiooni, mida on tehtud juba 100 aastat. &#8220;R\u00e4\u00e4kisime komisjonis ka selles v\u00f5tmes, et vaadata pikaajaliselt ringh\u00e4\u00e4lingu, vaba s\u00f5na ja vaba ajakirjanduse olulisust meie \u00fchiskonna jaoks. See on v\u00e4ga oluline, et me ei oleks sellised nagu m\u00f5ni riik, kelle sarnased me olla ei taha,&#8221; lisas Valner.<\/p>\n<p>ERR-i juhatuse esimees Erik Roose \u00fctles, et andis koos Sulev Valneriga komisjonile \u00fclevaate k\u00e4rbetest ja nendest tulenevatest muudatustest programmis ja personalis.<\/p>\n<p>&#8220;Samuti r\u00e4\u00e4kisin sellest, mida oleks h\u00e4dap\u00e4rast juurde vaja ja kui suur on puuduj\u00e4\u00e4k. Meil on reaalsed puuduj\u00e4\u00e4gid, mis puudutavad j\u00e4rgmise ol\u00fcmpiats\u00fckli \u00fclekandekulusid, kergej\u00f5ustiku tiitliv\u00f5istlusi ja j\u00e4rgmise aasta Otep\u00e4\u00e4 laskesuusa MM-i. Viimane on Eesti riigi v\u00f5etud kohustus, mis on samuti probleemne, sest kannatab kahe miljoni euro suuruse k\u00e4rpe t\u00f5ttu. Peame leidma lahendusi, kuidas seda teha. R\u00e4\u00e4kisime p\u00f5gusalt ka ERR-i rollist elut\u00e4htsa teenuse osutajana riigikaitses ja sellest, kus me selles vallas praegu oleme,&#8221; lausus Roose.<\/p>\n<p>Avalik-\u00f5iguslikele organisatsioonidele pikaajalisemad rahalised garantiid<\/p>\n<p>Komisjoni istungit juhatanud T\u00f5nis Lukas \u00fctles, et kultuurikomisjoni eesm\u00e4rk on muuta s\u00fcsteemsemaks avalik-\u00f5igusliku isiku staatus, keda on kultuurivaldkonnas praegu kolm: rahvusraamatukogu, rahvusooper ja rahvusringh\u00e4\u00e4ling.<\/p>\n<p>&#8220;Nende finantsiline iseseisvus peaks tulevikus saama pikaajalisemad garantiid. Nii nagu riik s\u00f5lmib avalik-\u00f5iguslike \u00fclikoolidega kolmeaastaseid halduslepinguid, peaks see olema ka kultuurivaldkonna avalik-\u00f5iguslike organisatsioonide puhul. See annaks pikaajalisema informatsiooni rahaliste v\u00f5imaluste kohta ja seel\u00e4bi ka suurema s\u00f5ltumatuse planeerimisel,&#8221; r\u00e4\u00e4kis Lukas.<\/p>\n<p>Ta \u00fctles, et kultuurikomisjon j\u00e4tkab selle teemaga, et viia valitsuseni arusaam avalik-\u00f5igusliku isiku partnerlusest riigiga, mis tuleneb otse riigikogu vastu v\u00f5etud seadusest ega allu otseselt valitsuse v\u00f5i kultuuriministeeriumi dokumentidele. &#8220;Soovime seda garantiid anda ja partnerlussuhet hoida, nii et j\u00e4tkame arutelu,&#8221; s\u00f5nas Lukas.<\/p>\n<p>Lukase s\u00f5nul v\u00f5iks pikaajalisema eelarveperspektiivi punkt olla t\u00e4psemalt kirjas ringh\u00e4\u00e4linguseaduses v\u00f5i saab valitsus seda m\u00e4\u00e4ruse tasemel reguleerida.<\/p>\n<p>Lukas avaldas ka lootust, et selliseid k\u00e4rpeid, mis panevad k\u00fcsim\u00e4rgi alla rahvusringh\u00e4\u00e4lingu p\u00f5hirolli Eesti kultuuri ja hariduse edendamisel ning elut\u00e4htsa informatsiooni edasiandmisel, riigis ei tehta.<\/p>\n<p>&#8220;K\u00e4rbete v\u00e4ltimine on t\u00f5en\u00e4oliselt tulevikus k\u00f5igi soov. Praeguste k\u00e4rbete tagasip\u00f6\u00f6ramist me ei arutanud. K\u00fcll aga on meil teadmine, et rahvusringh\u00e4\u00e4lingul on vaja vahendeid ja et v\u00f5rreldes teiste riikidega ei ole Eesti Rahvusringh\u00e4\u00e4ling \u00fcleliia finantseeritud, vaid j\u00e4\u00e4b riigipoolse toetuse m\u00e4\u00e4ralt teistele alla. Kuulasime \u00fclevaate \u00e4ra, aga otsuseid me veel ei langetanud,&#8221; lausus ta.<\/p>\n<p>Pyrrhose v\u00f5it<\/p>\n<p>Erik Roose kommenteeris pikema eelarveperspektiivi algatust, et see ei pruugi v\u00f5luvits olla ja ka edasiste k\u00e4rbete v\u00e4ltimine praeguse inflatsiooni juures t\u00e4hendab ERR-ile endiselt keerulist seisu.<\/p>\n<p>&#8220;Seda n\u00f5uab ka Euroopa meediavabaduse m\u00e4\u00e4rus, mis \u00fctleb, et avalik-\u00f5igusliku ringh\u00e4\u00e4lingu rahastamine peab olema piisav ja ette m\u00e4\u00e4ratud. See punkt l\u00e4heb meie seaduse uuendamisel sisse ja see ei tekita vaidlust. Probleem on aga selles, et kui see neli aastat t\u00e4hendab lihtsalt k\u00fclmutatud eelarvet praeguse inflatsiooni juures, kus me oleme juba allpool veepinda, siis on see Pyrrhose v\u00f5it. See pikem teadmine ei aita, kui oled ette m\u00e4\u00e4ratud vaene ega suuda arveid maksta,&#8221; r\u00e4\u00e4kis Roose.<\/p>\n<p>&#8220;Meie fundamentaalne probleem on see, et oleme eelarvelt ligi poole v\u00f5rra maas L\u00e4ti ja \u00fcle poole v\u00f5rra maas Leedu analoogsetest organisatsioonidest, kuigi teeme samu asju. Baasrahastuse alafinantseeritus on kriitiline,&#8221; lisas ta.<\/p>\n<p>&#8220;Lubati k\u00fcll, et j\u00e4rgmised kolm aastat rohkem ei k\u00e4rbita, aga see meid ei aita. Inflatsioon on k\u00f5rge ning teenuste ja hangete hinnad t\u00f5usevad. Ol\u00fcmpiam\u00e4ngude \u00f5igused ja \u00fclekandekulud olid k\u00e4rpe-eelses summas sees, aga praeguse rahastusega on neid suuri s\u00fcndmusi pea v\u00f5imatu teha,&#8221; \u00fctles Roose veel.<\/p>\n","protected":false},"excerpt":{"rendered":"Riigikogu kultuurikomisjon n\u00e4eks, et Eesti Rahvusringh\u00e4\u00e4lingule (ERR) tuleks anda senisest pikaajalisem eelarvegarantii, \u00fctles komisjoni aseesimees T\u00f5nis Lukas (Isamaa).&hellip;\n","protected":false},"author":2,"featured_media":93698,"comment_status":"","ping_status":"","sticky":false,"template":"","format":"standard","meta":{"footnotes":"","_share_on_mastodon":"0"},"categories":[12],"tags":[26,27,37,33,35,23902,2097,34,36,31,32,21,28,29,19,25,9664,26491,31620,3144,23,24,22,20,30],"class_list":["post-93697","post","type-post","status-publish","format-standard","has-post-thumbnail","category-eesti","tag-breaking-news","tag-breakingnews","tag-ee","tag-eesti","tag-eesti-keel","tag-erik-roose","tag-err","tag-estonia","tag-estonian","tag-featured-news","tag-featurednews","tag-headlines","tag-latest-news","tag-latestnews","tag-news","tag-populaarseimad-lood","tag-rahvusringhaaling","tag-riigikogu-kultuurikomisjon","tag-sulev-valner","tag-tonis-lukas","tag-top-stories","tag-topstories","tag-uldised-uudised","tag-uudised","tag-viimased-uudised"],"share_on_mastodon":{"url":"https:\/\/pubeurope.com\/@ee\/115961820967614857","error":""},"_links":{"self":[{"href":"https:\/\/www.europesays.com\/ee\/wp-json\/wp\/v2\/posts\/93697","targetHints":{"allow":["GET"]}}],"collection":[{"href":"https:\/\/www.europesays.com\/ee\/wp-json\/wp\/v2\/posts"}],"about":[{"href":"https:\/\/www.europesays.com\/ee\/wp-json\/wp\/v2\/types\/post"}],"author":[{"embeddable":true,"href":"https:\/\/www.europesays.com\/ee\/wp-json\/wp\/v2\/users\/2"}],"replies":[{"embeddable":true,"href":"https:\/\/www.europesays.com\/ee\/wp-json\/wp\/v2\/comments?post=93697"}],"version-history":[{"count":0,"href":"https:\/\/www.europesays.com\/ee\/wp-json\/wp\/v2\/posts\/93697\/revisions"}],"wp:featuredmedia":[{"embeddable":true,"href":"https:\/\/www.europesays.com\/ee\/wp-json\/wp\/v2\/media\/93698"}],"wp:attachment":[{"href":"https:\/\/www.europesays.com\/ee\/wp-json\/wp\/v2\/media?parent=93697"}],"wp:term":[{"taxonomy":"category","embeddable":true,"href":"https:\/\/www.europesays.com\/ee\/wp-json\/wp\/v2\/categories?post=93697"},{"taxonomy":"post_tag","embeddable":true,"href":"https:\/\/www.europesays.com\/ee\/wp-json\/wp\/v2\/tags?post=93697"}],"curies":[{"name":"wp","href":"https:\/\/api.w.org\/{rel}","templated":true}]}}