{"id":94016,"date":"2026-01-26T22:34:15","date_gmt":"2026-01-26T22:34:15","guid":{"rendered":"https:\/\/www.europesays.com\/ee\/94016\/"},"modified":"2026-01-26T22:34:15","modified_gmt":"2026-01-26T22:34:15","slug":"sotsiaalmeedia-trend-loppes-naisele-poletustega","status":"publish","type":"post","link":"https:\/\/www.europesays.com\/ee\/94016\/","title":{"rendered":"sotsiaalmeedia trend l\u00f5ppes naisele p\u00f5letustega"},"content":{"rendered":"<p>Kindlasti on sotsiaalmeedia kasutajad n\u00e4inud videoid, kus pakasega \u00f5hku visatud tulikuum vesi muutub hetkega justkui kauniks lumesajuks. Silmale ilus vaatepilt v\u00f5ib aga sealsamas t\u00e4hendada valusat \u00f5ppetundi.<\/p>\n<p>Trendi proovis j\u00e4rgida ka Laekverest p\u00e4rit Siret Krooben, kes otsustas p\u00fchap\u00e4eval pakasega tulikuuma vett \u00f5hku visata, et \u00ablumesadu\u00bb tekitada.<\/p>\n","protected":false},"excerpt":{"rendered":"Kindlasti on sotsiaalmeedia kasutajad n\u00e4inud videoid, kus pakasega \u00f5hku visatud tulikuum vesi muutub hetkega justkui kauniks lumesajuks. Silmale&hellip;\n","protected":false},"author":2,"featured_media":94017,"comment_status":"","ping_status":"","sticky":false,"template":"","format":"standard","meta":{"footnotes":"","_share_on_mastodon":"0"},"categories":[12],"tags":[26,27,37,33,35,34,36,31,32,21,17926,28,29,18387,19,18148,45781,25,3842,45780,45779,328,23,24,22,20,30],"class_list":["post-94016","post","type-post","status-publish","format-standard","has-post-thumbnail","category-eesti","tag-breaking-news","tag-breakingnews","tag-ee","tag-eesti","tag-eesti-keel","tag-estonia","tag-estonian","tag-featured-news","tag-featurednews","tag-headlines","tag-laekvere","tag-latest-news","tag-latestnews","tag-lumesadu","tag-news","tag-pakane","tag-poletused","tag-populaarseimad-lood","tag-rakvere-haigla","tag-siret-krooben","tag-sotsiaalmeedia-trend","tag-tiktok","tag-top-stories","tag-topstories","tag-uldised-uudised","tag-uudised","tag-viimased-uudised"],"share_on_mastodon":{"url":"https:\/\/pubeurope.com\/@ee\/115963786832820176","error":""},"_links":{"self":[{"href":"https:\/\/www.europesays.com\/ee\/wp-json\/wp\/v2\/posts\/94016","targetHints":{"allow":["GET"]}}],"collection":[{"href":"https:\/\/www.europesays.com\/ee\/wp-json\/wp\/v2\/posts"}],"about":[{"href":"https:\/\/www.europesays.com\/ee\/wp-json\/wp\/v2\/types\/post"}],"author":[{"embeddable":true,"href":"https:\/\/www.europesays.com\/ee\/wp-json\/wp\/v2\/users\/2"}],"replies":[{"embeddable":true,"href":"https:\/\/www.europesays.com\/ee\/wp-json\/wp\/v2\/comments?post=94016"}],"version-history":[{"count":0,"href":"https:\/\/www.europesays.com\/ee\/wp-json\/wp\/v2\/posts\/94016\/revisions"}],"wp:featuredmedia":[{"embeddable":true,"href":"https:\/\/www.europesays.com\/ee\/wp-json\/wp\/v2\/media\/94017"}],"wp:attachment":[{"href":"https:\/\/www.europesays.com\/ee\/wp-json\/wp\/v2\/media?parent=94016"}],"wp:term":[{"taxonomy":"category","embeddable":true,"href":"https:\/\/www.europesays.com\/ee\/wp-json\/wp\/v2\/categories?post=94016"},{"taxonomy":"post_tag","embeddable":true,"href":"https:\/\/www.europesays.com\/ee\/wp-json\/wp\/v2\/tags?post=94016"}],"curies":[{"name":"wp","href":"https:\/\/api.w.org\/{rel}","templated":true}]}}