{"id":94398,"date":"2026-01-27T11:23:07","date_gmt":"2026-01-27T11:23:07","guid":{"rendered":"https:\/\/www.europesays.com\/ee\/94398\/"},"modified":"2026-01-27T11:23:07","modified_gmt":"2026-01-27T11:23:07","slug":"piltuudis-podrapull-kannab-endiselt-sarvi","status":"publish","type":"post","link":"https:\/\/www.europesays.com\/ee\/94398\/","title":{"rendered":"PILTUUDIS: P\u00f5drapull kannab endiselt sarvi"},"content":{"rendered":"<p>            <a href=\"https:\/\/www.europesays.com\/ee\/wp-content\/uploads\/2026\/01\/podrad-PV-2.jpg\" data-caption=\"P\u00f5drapull uhkete sarvedega. Foto: Leie Jahiseltsi rajakaamera \"><img loading=\"lazy\" decoding=\"async\" width=\"640\" height=\"480\" class=\"entry-thumb td-modal-image\" src=\"https:\/\/www.europesays.com\/ee\/wp-content\/uploads\/2026\/01\/podrad-PV-2.jpg\"   alt=\"\" title=\"p\u00f5drad - PV 2'\"\/><\/a>P\u00f5drapull uhkete sarvedega. Foto: Leie Jahiseltsi rajakaamera <\/p>\n<p>Viljandimaal Leie jahipiirkonnas j\u00e4i 26. jaanuaril rajakaamerasse tugevas keskeas pull, kes ei taha veel sarvi peast heita.<\/p>\n<p>Viljandimaal Leies n\u00e4hti viimati sama p\u00f5drapulli 14. jaanuaril koos teise isendiga. N\u00fc\u00fcd n\u00e4itas ta ennast j\u00e4lle rajakaameras.<\/p>\n<p><a href=\"https:\/\/www.europesays.com\/ee\/wp-content\/uploads\/2026\/01\/podrad-PV.jpg\"><img fetchpriority=\"high\" decoding=\"async\" class=\"aligncenter size-full wp-image-84551\" src=\"https:\/\/www.europesays.com\/ee\/wp-content\/uploads\/2026\/01\/podrad-PV.jpg\" alt=\"\" width=\"640\" height=\"480\"  \/><\/a><\/p>\n<p>\u201cNoorel keskeas oleval pullil on sarved nii ilusad, et ta ei ole soovinud neid veel loovutada,\u201d p\u00f5hjendas EJS-i juhatuse liige Priit Vahtram\u00e4e ja lisas, et: \u201cloodus on imeline\u201d.<\/p>\n<p>Vaata ka:<\/p>\n<p>\u00a0<\/p>\n","protected":false},"excerpt":{"rendered":"P\u00f5drapull uhkete sarvedega. Foto: Leie Jahiseltsi rajakaamera Viljandimaal Leie jahipiirkonnas j\u00e4i 26. jaanuaril rajakaamerasse tugevas keskeas pull, kes&hellip;\n","protected":false},"author":2,"featured_media":94399,"comment_status":"","ping_status":"","sticky":false,"template":"","format":"standard","meta":{"footnotes":"","_share_on_mastodon":"0"},"categories":[14],"tags":[131,130,37,33,35,34,36,8231,45905,45906,45907,26573,21828,1772],"class_list":["post-94398","post","type-post","status-publish","format-standard","has-post-thumbnail","category-ari","tag-ari","tag-business","tag-ee","tag-eesti","tag-eesti-keel","tag-estonia","tag-estonian","tag-poder","tag-podrapull","tag-podrasarved","tag-pull","tag-rajakaamera","tag-sarved","tag-viljandimaa"],"share_on_mastodon":{"url":"https:\/\/pubeurope.com\/@ee\/115966810816441597","error":""},"_links":{"self":[{"href":"https:\/\/www.europesays.com\/ee\/wp-json\/wp\/v2\/posts\/94398","targetHints":{"allow":["GET"]}}],"collection":[{"href":"https:\/\/www.europesays.com\/ee\/wp-json\/wp\/v2\/posts"}],"about":[{"href":"https:\/\/www.europesays.com\/ee\/wp-json\/wp\/v2\/types\/post"}],"author":[{"embeddable":true,"href":"https:\/\/www.europesays.com\/ee\/wp-json\/wp\/v2\/users\/2"}],"replies":[{"embeddable":true,"href":"https:\/\/www.europesays.com\/ee\/wp-json\/wp\/v2\/comments?post=94398"}],"version-history":[{"count":0,"href":"https:\/\/www.europesays.com\/ee\/wp-json\/wp\/v2\/posts\/94398\/revisions"}],"wp:featuredmedia":[{"embeddable":true,"href":"https:\/\/www.europesays.com\/ee\/wp-json\/wp\/v2\/media\/94399"}],"wp:attachment":[{"href":"https:\/\/www.europesays.com\/ee\/wp-json\/wp\/v2\/media?parent=94398"}],"wp:term":[{"taxonomy":"category","embeddable":true,"href":"https:\/\/www.europesays.com\/ee\/wp-json\/wp\/v2\/categories?post=94398"},{"taxonomy":"post_tag","embeddable":true,"href":"https:\/\/www.europesays.com\/ee\/wp-json\/wp\/v2\/tags?post=94398"}],"curies":[{"name":"wp","href":"https:\/\/api.w.org\/{rel}","templated":true}]}}