{"id":94409,"date":"2026-01-27T11:35:07","date_gmt":"2026-01-27T11:35:07","guid":{"rendered":"https:\/\/www.europesays.com\/ee\/94409\/"},"modified":"2026-01-27T11:35:07","modified_gmt":"2026-01-27T11:35:07","slug":"hispaania-seadustab-500-000-dokumentideta-sisserandajat","status":"publish","type":"post","link":"https:\/\/www.europesays.com\/ee\/94409\/","title":{"rendered":"Hispaania seadustab 500 000 dokumentideta sisser\u00e4ndajat"},"content":{"rendered":"<p>Hispaania vasakpoolne valitsus kiidab teisip\u00e4eval heaks m\u00e4\u00e4ruse, millega seadustatakse 500 000 dokumentideta sisser\u00e4ndajat, teatas migratsiooniminister riigi j\u00e4rjekordsest sammust eemaldumaks mujal Euroopas kehtivast karmimast poliitikast.<\/p>\n<p>Elma Saiz \u00fctles riiklikule ringh\u00e4\u00e4lingule RTVE, et abisaajad saavad t\u00f6\u00f6tada igas sektoris ja igas riigi osas ning viitas r\u00e4nde positiivsele m\u00f5jule.<\/p>\n","protected":false},"excerpt":{"rendered":"Hispaania vasakpoolne valitsus kiidab teisip\u00e4eval heaks m\u00e4\u00e4ruse, millega seadustatakse 500 000 dokumentideta sisser\u00e4ndajat, teatas migratsiooniminister riigi j\u00e4rjekordsest sammust&hellip;\n","protected":false},"author":2,"featured_media":94410,"comment_status":"","ping_status":"","sticky":false,"template":"","format":"standard","meta":{"footnotes":"","_share_on_mastodon":"0"},"categories":[80],"tags":[26,27,37,33,35,34,36,31,32,21,110,128,28,29,95,19,25,23,24,22,20,30,92,93,94],"class_list":["post-94409","post","type-post","status-publish","format-standard","has-post-thumbnail","category-maailm","tag-breaking-news","tag-breakingnews","tag-ee","tag-eesti","tag-eesti-keel","tag-estonia","tag-estonian","tag-featured-news","tag-featurednews","tag-headlines","tag-hispaania","tag-immigrandid","tag-latest-news","tag-latestnews","tag-maailm","tag-news","tag-populaarseimad-lood","tag-top-stories","tag-topstories","tag-uldised-uudised","tag-uudised","tag-viimased-uudised","tag-world","tag-world-news","tag-worldnews"],"share_on_mastodon":{"url":"https:\/\/pubeurope.com\/@ee\/115966857925919260","error":""},"_links":{"self":[{"href":"https:\/\/www.europesays.com\/ee\/wp-json\/wp\/v2\/posts\/94409","targetHints":{"allow":["GET"]}}],"collection":[{"href":"https:\/\/www.europesays.com\/ee\/wp-json\/wp\/v2\/posts"}],"about":[{"href":"https:\/\/www.europesays.com\/ee\/wp-json\/wp\/v2\/types\/post"}],"author":[{"embeddable":true,"href":"https:\/\/www.europesays.com\/ee\/wp-json\/wp\/v2\/users\/2"}],"replies":[{"embeddable":true,"href":"https:\/\/www.europesays.com\/ee\/wp-json\/wp\/v2\/comments?post=94409"}],"version-history":[{"count":0,"href":"https:\/\/www.europesays.com\/ee\/wp-json\/wp\/v2\/posts\/94409\/revisions"}],"wp:featuredmedia":[{"embeddable":true,"href":"https:\/\/www.europesays.com\/ee\/wp-json\/wp\/v2\/media\/94410"}],"wp:attachment":[{"href":"https:\/\/www.europesays.com\/ee\/wp-json\/wp\/v2\/media?parent=94409"}],"wp:term":[{"taxonomy":"category","embeddable":true,"href":"https:\/\/www.europesays.com\/ee\/wp-json\/wp\/v2\/categories?post=94409"},{"taxonomy":"post_tag","embeddable":true,"href":"https:\/\/www.europesays.com\/ee\/wp-json\/wp\/v2\/tags?post=94409"}],"curies":[{"name":"wp","href":"https:\/\/api.w.org\/{rel}","templated":true}]}}