{"id":94413,"date":"2026-01-27T11:37:21","date_gmt":"2026-01-27T11:37:21","guid":{"rendered":"https:\/\/www.europesays.com\/ee\/94413\/"},"modified":"2026-01-27T11:37:21","modified_gmt":"2026-01-27T11:37:21","slug":"video-%e2%9f%a9-vasis-ootamast-klient-laks-maximas-leti-taha-ja-teenindas-end-ise-kauplus-taunib-juhtunut","status":"publish","type":"post","link":"https:\/\/www.europesays.com\/ee\/94413\/","title":{"rendered":"VIDEO \u27e9 V\u00e4sis ootamast? Klient l\u00e4ks Maximas leti taha ja teenindas end ise, kauplus taunib juhtunut"},"content":{"rendered":"<p>\u00dchismeedias jagatakse videot, kuidas tundmatu noormees l\u00e4ks teenindusleti taha ja pakkis tooted ise, vahendab <a target=\"_blank\" rel=\"noopener noreferrer nofollow\" href=\"https:\/\/limon.postimees.ee\/8403709\/video-ustal-zhdat-prodavca-klient-maxima-otpravilsya-za-prilavok-i-obsluzhil-sebya-sam\">Limon<\/a>. \u00abOlukord, kus klient l\u00e4heb ilma loata leti taha ja hakkab ise toidukaupu pakkima v\u00f5i kaaluma, on vastuv\u00f5etamatu,\u00bb kommenteerib Maxima toimunut.<\/p>\n<p>P\u00fchap\u00e4eval, 25. jaanuaril jagati \u00fchismeedias videot, kus dressides noormees seisab Maxima kaupluses teenindusleti taga ning pakendab karpidesse toitu.<\/p>\n","protected":false},"excerpt":{"rendered":"\u00dchismeedias jagatakse videot, kuidas tundmatu noormees l\u00e4ks teenindusleti taha ja pakkis tooted ise, vahendab Limon. \u00abOlukord, kus klient&hellip;\n","protected":false},"author":2,"featured_media":19851,"comment_status":"","ping_status":"","sticky":false,"template":"","format":"standard","meta":{"footnotes":"","_share_on_mastodon":"0"},"categories":[5],"tags":[26,27,37,33,35,34,36,31,32,6304,21,13838,45833,45834,28,29,2973,19,25,31365,23,24,22,20,45832,30],"class_list":["post-94413","post","type-post","status-publish","format-standard","has-post-thumbnail","category-uldised-uudised","tag-breaking-news","tag-breakingnews","tag-ee","tag-eesti","tag-eesti-keel","tag-estonia","tag-estonian","tag-featured-news","tag-featurednews","tag-haabersti","tag-headlines","tag-hugieen","tag-intsident","tag-jaanika-terasmaa","tag-latest-news","tag-latestnews","tag-maxima","tag-news","tag-populaarseimad-lood","tag-toiduohutus","tag-top-stories","tag-topstories","tag-uldised-uudised","tag-uudised","tag-videot","tag-viimased-uudised"],"share_on_mastodon":{"url":"https:\/\/pubeurope.com\/@ee\/115966865732132293","error":""},"_links":{"self":[{"href":"https:\/\/www.europesays.com\/ee\/wp-json\/wp\/v2\/posts\/94413","targetHints":{"allow":["GET"]}}],"collection":[{"href":"https:\/\/www.europesays.com\/ee\/wp-json\/wp\/v2\/posts"}],"about":[{"href":"https:\/\/www.europesays.com\/ee\/wp-json\/wp\/v2\/types\/post"}],"author":[{"embeddable":true,"href":"https:\/\/www.europesays.com\/ee\/wp-json\/wp\/v2\/users\/2"}],"replies":[{"embeddable":true,"href":"https:\/\/www.europesays.com\/ee\/wp-json\/wp\/v2\/comments?post=94413"}],"version-history":[{"count":0,"href":"https:\/\/www.europesays.com\/ee\/wp-json\/wp\/v2\/posts\/94413\/revisions"}],"wp:featuredmedia":[{"embeddable":true,"href":"https:\/\/www.europesays.com\/ee\/wp-json\/wp\/v2\/media\/19851"}],"wp:attachment":[{"href":"https:\/\/www.europesays.com\/ee\/wp-json\/wp\/v2\/media?parent=94413"}],"wp:term":[{"taxonomy":"category","embeddable":true,"href":"https:\/\/www.europesays.com\/ee\/wp-json\/wp\/v2\/categories?post=94413"},{"taxonomy":"post_tag","embeddable":true,"href":"https:\/\/www.europesays.com\/ee\/wp-json\/wp\/v2\/tags?post=94413"}],"curies":[{"name":"wp","href":"https:\/\/api.w.org\/{rel}","templated":true}]}}