{"id":94556,"date":"2026-01-27T14:44:09","date_gmt":"2026-01-27T14:44:09","guid":{"rendered":"https:\/\/www.europesays.com\/ee\/94556\/"},"modified":"2026-01-27T14:44:09","modified_gmt":"2026-01-27T14:44:09","slug":"omavalitsused-voivad-bioprugi-kompostijatelt-fototoestust-nouda-eesti","status":"publish","type":"post","link":"https:\/\/www.europesays.com\/ee\/94556\/","title":{"rendered":"Omavalitsused v\u00f5ivad biopr\u00fcgi kompostijatelt fotot\u00f5estust n\u00f5uda | Eesti"},"content":{"rendered":"<p>Kui varem andis osa omavalitsusi bioj\u00e4\u00e4tmete veost vabastuse ilma kontrollimata, kas konkreetsel kinnistul on v\u00f5imalik kohapeal biopr\u00fcgi kompostida, siis eelmisel aastal tehtud seadusemuudatus n\u00e4eb neile ette kohustuse selles veenduda. Iga omavalitsus otsustab ise, kas k\u00fcsib taotlejalt fotot kompostimiskohast v\u00f5i kontrollib seda muul moel.<\/p>\n<p>ERR-i lugeja jagas oma h\u00e4mmingut seoses kohaliku omavalitsuse n\u00f5udega, et bioj\u00e4\u00e4tmeid kompostida sooviv inimene peab selleks omavalitsusele taotlust esitades lisama t\u00f5endina ka foto, mis n\u00e4itaks, et taotlejal on komposter v\u00f5i kompostihunnik olemas.<\/p>\n<p>&#8220;Huvitav on seejuures, et keegi ei n\u00f5ua n\u00e4iteks t\u00f5endeid, et kinnistul ei hoita ohtlikke j\u00e4\u00e4tmeid v\u00f5i elektroonikaj\u00e4\u00e4tmeid,&#8221; m\u00e4rkis lugeja.<\/p>\n<p>Osa omavalitsusi on bioj\u00e4\u00e4tmete kompostijatelt juba aastaid fotot\u00f5estust n\u00f5udnud, kuid m\u00f5ni vald on seda alles n\u00fc\u00fcd k\u00fcsima hakanud.<\/p>\n<p>N\u00e4iteks Tartu vald avaldas eelmisel n\u00e4dalal juhised, mille kohaselt saab bioj\u00e4\u00e4tmete veost vabastuse taotluse alusel, mille juurde ootab vald ka fotot kompostimiskohast.<\/p>\n<p>Kliimaministeeriumi j\u00e4\u00e4tmekorralduse valdkonna juht Kristel Kibin \u00fctles ERR-ile, et omavalitsus peab t\u00f5epoolest veenduma, kas bioj\u00e4\u00e4tmeid saab kohapeal kompostida.<\/p>\n<p>&#8220;Paljud omavalitsused kasutavad taotlusp\u00f5hist l\u00e4henemist juba praegu, kuid m\u00f5nes omavalitsuses on varem antud bioj\u00e4\u00e4tmete veoteenusest vabastus ilma kompostimises veendumata. Senist praktikat t\u00e4psustati eelmisel aastal seaduse tasandil, et \u00fcle Eesti oleks \u00fchtlane l\u00e4henemine. Need omavalitsused, kus s\u00fcsteem juba nii toimib, ei pea midagi muutma ega uusi taotlusi koguma,&#8221; \u00fctles Kibin.<\/p>\n<p>Selleks, et veenduda kohapealse j\u00e4\u00e4tmete kompostimise v\u00f5imalikkuses, valib omavalitsus ise sobiva viisi \u2013 kas k\u00fcsib fotot, k\u00e4ib kohapeal kontrollimas v\u00f5i kontrollib muul viisil, kas konkreetsel kinnistul on kompostimine v\u00f5imalik.<\/p>\n<p>&#8220;Eesm\u00e4rk on tagada, et bioj\u00e4\u00e4tmed ei j\u00f5uaks segaolmej\u00e4\u00e4tmete v\u00f5i muude j\u00e4\u00e4tmeliikide hulka,&#8221; selgitas Kibin.<\/p>\n<p>Tema s\u00f5nul ei olnud see varem seaduses see nii selges\u00f5naliselt s\u00f5nastatud, kuid paljude omavalitsuste praktika juba kujunes sellisena v\u00e4lja. Varasema s\u00f5nastuse j\u00e4rgi pidid omavalitsused korraldama bioj\u00e4\u00e4tmete liigiti kogumise tekkekohalt, kui neid pole v\u00f5imalik kohapeal kompostida, ning kehtestama ka bioj\u00e4\u00e4tmete kompostimise n\u00f5uded, mida kohapeal kompostimisel j\u00e4rgitaks.<\/p>\n<p>&#8220;Kohustus lisati j\u00e4\u00e4tmeseadusesse 2021. aastal ja pidi olema rakendatud k\u00f5ikjal hiljemalt 2023. aasta l\u00f5puks. Seejuures r\u00f5hutas seletuskiri, et tekkekohalt konteineriga kogumisest vabastuseks peab omavalitsus olema veendunud selles, et tekkekohal kompostimine on v\u00f5imalik,&#8221; t\u00f5i Kibin v\u00e4lja.<\/p>\n<p>J\u00e4\u00e4tmereformi valguses tuletas ministeerium kohalikele omavalitsustele meelde, et juba eelmisel aastal j\u00f5ustunud j\u00e4\u00e4tmeseaduse muudatuse j\u00e4rgi peavad nad hiljemalt 1. septembriks \u00fchtlustama reeglid, mille alusel vabastatakse kohtkompostijad bioj\u00e4\u00e4tmete konteineri kasutamisest.<\/p>\n<p>Juhul kui bioj\u00e4\u00e4tmed n\u00f5uetekohaselt kompostitakse ja omavalitsusele selleks taotlus esitatakse, ei ole bioj\u00e4\u00e4tmete \u00e4ravedu vajalik.<\/p>\n<p>J\u00e4\u00e4tmereformi eesm\u00e4rk on muuta j\u00e4\u00e4tmete sorteerimine t\u00f5husamaks ja suurendada j\u00e4\u00e4tmeturul konkurentsi.<\/p>\n","protected":false},"excerpt":{"rendered":"Kui varem andis osa omavalitsusi bioj\u00e4\u00e4tmete veost vabastuse ilma kontrollimata, kas konkreetsel kinnistul on v\u00f5imalik kohapeal biopr\u00fcgi kompostida,&hellip;\n","protected":false},"author":2,"featured_media":94557,"comment_status":"","ping_status":"","sticky":false,"template":"","format":"standard","meta":{"footnotes":"","_share_on_mastodon":"0"},"categories":[5],"tags":[13042,45971,26,27,37,33,35,34,36,31,32,21,10996,45970,45969,28,29,19,25,23,24,22,20,30],"class_list":["post-94556","post","type-post","status-publish","format-standard","has-post-thumbnail","category-uldised-uudised","tag-biojaatmed","tag-biojaatmete-aravedu","tag-breaking-news","tag-breakingnews","tag-ee","tag-eesti","tag-eesti-keel","tag-estonia","tag-estonian","tag-featured-news","tag-featurednews","tag-headlines","tag-jaatmereform","tag-komposter","tag-kompostimine","tag-latest-news","tag-latestnews","tag-news","tag-populaarseimad-lood","tag-top-stories","tag-topstories","tag-uldised-uudised","tag-uudised","tag-viimased-uudised"],"share_on_mastodon":{"url":"https:\/\/pubeurope.com\/@ee\/115967601094863633","error":""},"_links":{"self":[{"href":"https:\/\/www.europesays.com\/ee\/wp-json\/wp\/v2\/posts\/94556","targetHints":{"allow":["GET"]}}],"collection":[{"href":"https:\/\/www.europesays.com\/ee\/wp-json\/wp\/v2\/posts"}],"about":[{"href":"https:\/\/www.europesays.com\/ee\/wp-json\/wp\/v2\/types\/post"}],"author":[{"embeddable":true,"href":"https:\/\/www.europesays.com\/ee\/wp-json\/wp\/v2\/users\/2"}],"replies":[{"embeddable":true,"href":"https:\/\/www.europesays.com\/ee\/wp-json\/wp\/v2\/comments?post=94556"}],"version-history":[{"count":0,"href":"https:\/\/www.europesays.com\/ee\/wp-json\/wp\/v2\/posts\/94556\/revisions"}],"wp:featuredmedia":[{"embeddable":true,"href":"https:\/\/www.europesays.com\/ee\/wp-json\/wp\/v2\/media\/94557"}],"wp:attachment":[{"href":"https:\/\/www.europesays.com\/ee\/wp-json\/wp\/v2\/media?parent=94556"}],"wp:term":[{"taxonomy":"category","embeddable":true,"href":"https:\/\/www.europesays.com\/ee\/wp-json\/wp\/v2\/categories?post=94556"},{"taxonomy":"post_tag","embeddable":true,"href":"https:\/\/www.europesays.com\/ee\/wp-json\/wp\/v2\/tags?post=94556"}],"curies":[{"name":"wp","href":"https:\/\/api.w.org\/{rel}","templated":true}]}}