{"id":94799,"date":"2026-01-27T20:25:14","date_gmt":"2026-01-27T20:25:14","guid":{"rendered":"https:\/\/www.europesays.com\/ee\/94799\/"},"modified":"2026-01-27T20:25:14","modified_gmt":"2026-01-27T20:25:14","slug":"fotod-taani-kuningapaar-laks-rakett69-teadusstuudios-hoogu-delfi","status":"publish","type":"post","link":"https:\/\/www.europesays.com\/ee\/94799\/","title":{"rendered":"FOTOD | Taani kuningapaar l\u00e4ks Rakett69 teadusstuudios hoogu &#8211; Delfi"},"content":{"rendered":"<ol>\n<li><a href=\"https:\/\/news.google.com\/rss\/articles\/CBMinwFBVV95cUxQaWhsdXRVNklqWC1XTjdFRm5aS2dnMmZQc2VkeXhKRkM3dHE3NGd5Q2RCYmNreUZDMkRVS0htc2NQRS1uYW1YUE5pRGQtcWJPYjMtaXdLWVRoQkcwNWlTWXJnYmJfYkFfQVhSUklndkdHejg1R2hKSDhfUlNrZXQ1NFh2T0pJdHRKUE1vUnVfRW1PTUVXQzdRMjBDVzljQVU?oc=5\" target=\"_blank\" rel=\"nofollow noopener\">FOTOD | Taani kuningapaar l\u00e4ks Rakett69 teadusstuudios hoogu<\/a>&nbsp;&nbsp;Delfi<\/li>\n<li><a href=\"https:\/\/news.google.com\/rss\/articles\/CBMikgFBVV95cUxPaEpxWGk1TFJuOG00RWxsWHpJcjhfZmxGbzQ0ZlRpanFuTVprNWNFVGhUdEhYM3VpNnRTbHhkdUdaVWZYNUVTT3hXaUw2bHBmWXNhTEY4RHZxR25PN2JObGIwRkRORXVZcWthcTh4MUlqRlpMV20tOHdualJoZW15d2FvQ1B1MmU2S2Z5d0ZkUm1KQQ?oc=5\" target=\"_blank\" rel=\"nofollow noopener\">Galerii: Taani kuningapaar k\u00fclastas Rakett69 teadusstuudiot<\/a>&nbsp;&nbsp;ERR<\/li>\n<li><a href=\"https:\/\/news.google.com\/rss\/articles\/CBMilgFBVV95cUxPWXlsTXFuUDBwanZDSFJWMW5TYks5YmhVM1ZGNHhxbkNvbV9NdzVKcjNiQk5IdjAxSzZLTHJ6VFdGRlNQcDk0VDFSaWdYbXd0bGw5QktvRXhaMmFnY3Iwc2dNcVZJSmY4YjkzU25KLVlTczgzLUlJeFA0YVNVMWdKbC1iaC1DM3FkRVBCRUNBNHptWWhUenc?oc=5\" target=\"_blank\" rel=\"nofollow noopener\">Taani kuningapaar v\u00e4isab Eestit kahep\u00e4evasel riigivisiidil<\/a>&nbsp;&nbsp;Postimees<\/li>\n<li><a href=\"https:\/\/news.google.com\/rss\/articles\/CBMi7AFBVV95cUxObmxxdmJsekk3LWp4aEZQUm54bFpWZHktOEdTcS1HaWNYNTA1SEVvSUVJeFk5aDhFSkswaTFvc1ZOemRKVXpQbzRtWENxZzBjTDdZeDVZYTc0T1lzczZuX1ViWDlpdl9PZjVHXzBpVTFnbzZFQVh4SnpsOWYySFVQV09fdnptOHJYUE9HRGlLdDZYR3lvai0zU0dJdzdxVXUtWFhOMEJ4WVI1QUZ5SkI2MFdyaUhiTFFLeWFaWmg0eVFKSW9scnMxNG9iRG9GVWhRc3NMM2ZZRmx6RGkxLUhIdEpxR0EtbzR5STVYUg?oc=5\" target=\"_blank\" rel=\"nofollow noopener\">FOTOD | President Alar Karis v\u00f5\u00f5rustas Taani kuningapaari kontserdi ja riigi\u00f5htus\u00f6\u00f6giga<\/a>&nbsp;&nbsp;Kroonika<\/li>\n<li><a href=\"https:\/\/news.google.com\/rss\/articles\/CBMi_wFBVV95cUxQMVRzZkxPR005WmNJNmtLSDZuS0xzdGpIY0xXV2FzV1ZFa3lGOHhFcHRocERjR2lsN2tPQzZmVS1BYXRKbTlTdTZCUFc1TGcxeXNIQTduWmFxVHUxVjJ2azVxZWQ3THdvYmtRQlgySjNuT3FDSl85VC15UmE3cVpRRDlKbjJIUVg2aDQ1dzdzTTh3S0E3elIwMVNVdktnZGJid2FrR0FzbTk5N2p0YjI5UFhJd0JWMVdrb0dsRkxmcGpuYm9fSzZFV2lZNE1GYjRfSEMtelI3WVpxcnBscmtxU0s5LW5ja3FKMGhyOXdkZDQxOEczYl95UmpINHQ4a3M?oc=5\" target=\"_blank\" rel=\"nofollow noopener\">TROON, TIITLID JA KEELATUD PILGUD: Eestisse saabuvate Frederik X ja kuninganna Mary abielu on viimastel aastatel piitsutanud skandaalid<\/a>&nbsp;&nbsp;\u00d5htuleht<\/li>\n<\/ol>\n","protected":false},"excerpt":{"rendered":"FOTOD | Taani kuningapaar l\u00e4ks Rakett69 teadusstuudios hoogu&nbsp;&nbsp;Delfi Galerii: Taani kuningapaar k\u00fclastas Rakett69 teadusstuudiot&nbsp;&nbsp;ERR Taani kuningapaar v\u00e4isab Eestit&hellip;\n","protected":false},"author":2,"featured_media":94800,"comment_status":"","ping_status":"","sticky":false,"template":"","format":"standard","meta":{"footnotes":""},"categories":[5],"tags":[26,27,37,33,35,34,36,31,32,21,28,29,19,25,1686,264,23,24,22,20,30],"class_list":{"0":"post-94799","1":"post","2":"type-post","3":"status-publish","4":"format-standard","5":"has-post-thumbnail","7":"category-uldised-uudised","8":"tag-breaking-news","9":"tag-breakingnews","10":"tag-ee","11":"tag-eesti","12":"tag-eesti-keel","13":"tag-estonia","14":"tag-estonian","15":"tag-featured-news","16":"tag-featurednews","17":"tag-headlines","18":"tag-latest-news","19":"tag-latestnews","20":"tag-news","21":"tag-populaarseimad-lood","22":"tag-president","23":"tag-taani","24":"tag-top-stories","25":"tag-topstories","26":"tag-uldised-uudised","27":"tag-uudised","28":"tag-viimased-uudised"},"share_on_mastodon":{"url":"https:\/\/pubeurope.com\/@ee\/115968941918327815","error":""},"_links":{"self":[{"href":"https:\/\/www.europesays.com\/ee\/wp-json\/wp\/v2\/posts\/94799","targetHints":{"allow":["GET"]}}],"collection":[{"href":"https:\/\/www.europesays.com\/ee\/wp-json\/wp\/v2\/posts"}],"about":[{"href":"https:\/\/www.europesays.com\/ee\/wp-json\/wp\/v2\/types\/post"}],"author":[{"embeddable":true,"href":"https:\/\/www.europesays.com\/ee\/wp-json\/wp\/v2\/users\/2"}],"replies":[{"embeddable":true,"href":"https:\/\/www.europesays.com\/ee\/wp-json\/wp\/v2\/comments?post=94799"}],"version-history":[{"count":0,"href":"https:\/\/www.europesays.com\/ee\/wp-json\/wp\/v2\/posts\/94799\/revisions"}],"wp:featuredmedia":[{"embeddable":true,"href":"https:\/\/www.europesays.com\/ee\/wp-json\/wp\/v2\/media\/94800"}],"wp:attachment":[{"href":"https:\/\/www.europesays.com\/ee\/wp-json\/wp\/v2\/media?parent=94799"}],"wp:term":[{"taxonomy":"category","embeddable":true,"href":"https:\/\/www.europesays.com\/ee\/wp-json\/wp\/v2\/categories?post=94799"},{"taxonomy":"post_tag","embeddable":true,"href":"https:\/\/www.europesays.com\/ee\/wp-json\/wp\/v2\/tags?post=94799"}],"curies":[{"name":"wp","href":"https:\/\/api.w.org\/{rel}","templated":true}]}}