{"id":94932,"date":"2026-01-28T02:18:06","date_gmt":"2026-01-28T02:18:06","guid":{"rendered":"https:\/\/www.europesays.com\/ee\/94932\/"},"modified":"2026-01-28T02:18:06","modified_gmt":"2026-01-28T02:18:06","slug":"kulmaga-rinda-pistnud-koolid-valjusid-katsumusest-voitjana-sakala-postimees-ee","status":"publish","type":"post","link":"https:\/\/www.europesays.com\/ee\/94932\/","title":{"rendered":"K\u00fclmaga rinda pistnud koolid v\u00e4ljusid katsumusest v\u00f5itjana &#8211; sakala.postimees.ee"},"content":{"rendered":"<ol>\n<li><a href=\"https:\/\/news.google.com\/rss\/articles\/CBMimgFBVV95cUxOcWRlWXV3TUI1Ym5tUl9meW0tUFhYc0ZwaU1sdHdzQVhURG9SQUVycHpxYVdfOFJCcGV0Q2hUcno0Nl9vVU9sUXB4dm5yTmZIY19sMzgtVzkwLVBnX2k1eUdZVkFMbnlpUVNSbHFaOEhtU0xSTV96OVBVWDNtRkxjZDNUWVZjd3R0Yk9TcHlQaUFyd0ZRWDl1Z0JB?oc=5\" target=\"_blank\" rel=\"nofollow noopener\">K\u00fclmaga rinda pistnud koolid v\u00e4ljusid katsumusest v\u00f5itjana<\/a>&nbsp;&nbsp;sakala.postimees.ee<\/li>\n<li><a href=\"https:\/\/news.google.com\/rss\/articles\/CBMiowFBVV95cUxNUHpUeUlfUEhybGttMUxSMFlMX3ZWeU52QUFyRDdDQlYwOF9adTN6NmNIWEdmOG5aa1lmbTBfelRrZ2NUQk5RWmxDMVo4VUhjTmQzMVFKUFRrOThKTkVoZG9RMGoxZUxlb0F0a01ObU5oYkM4ZVc3MFNLdjEzRUN0a3NrelB5Q281cXVHU2pSMnN2akdpMEpQNTR0cWpGbHhTYXZB?oc=5\" target=\"_blank\" rel=\"nofollow noopener\">Pakane n\u00e4pistab k\u00f5vasti: n\u00e4dala l\u00f5pus tuleb kuni 28 kraadi k\u00fclma<\/a>&nbsp;&nbsp;Ilmajaam.ee<\/li>\n<li><a href=\"https:\/\/news.google.com\/rss\/articles\/CBMitwFBVV95cUxOdjN0V0F4WWFCei14cmswZW82M0RvVUVsbms2dHFYemlGaUh1emVBNXhkYUg1c1VsVjBCaE9tVEJXclFndU5Ba0l3NkVkVG44dW52MnJZVUJnWHI3dDJobUhRVHEyODhIc01KalNvWXA4UUJqZUg3MVRBc1ctS1ZraEJ4ZXo1VEJRNjNCVGY2dm9lUk9ZZHNRcnBTQ21DMDRUbWhBRG9BSl9FMkdETG1xcUVJQmFtNnM?oc=5\" target=\"_blank\" rel=\"nofollow noopener\">ILMATEADE | Kr\u00f5be talvek\u00fclm kestab, ilmateenistus hoiatab tugeva tuule eest<\/a>&nbsp;&nbsp;Maaleht<\/li>\n<li><a href=\"https:\/\/news.google.com\/rss\/articles\/CBMiggFBVV95cUxOTHIyU21hZ2NNenVMa3lpb1Fwb3h1S1k5VHVoWUxQTHgwbVMwMU8wb0d0T1Vwd1Z5WkVfNnpPSHhfakg4UU9na2ZVdnlHTGxWX3VOUFR2S1RGRUNLdXFBUWNTbzlzZkZfLVhKNkVpNHdmSmdsdWZzc1NGVDNxdGNoNW1B?oc=5\" target=\"_blank\" rel=\"nofollow noopener\">Kr\u00f5bedad k\u00fclmakraadid j\u00e4tkuvad ka uuel n\u00e4dalal<\/a>&nbsp;&nbsp;ERR<\/li>\n<li><a href=\"https:\/\/news.google.com\/rss\/articles\/CBMiqwFBVV95cUxPNGFTbGt2QU5BNlV3S3pEOU1ZM2hqMnRrMER3dEdPWmVueFpQcWhadEdVMF9TT190bzdqQ0pLeDVpY1VIazBfNXE5MFZud2UycnRfOHd1YlA3NzQ0eGhIMWQ2eE9SX0FPQ2VkaG1fSm9TM2dnWmdXdTlFUUtsYlpHRE9HSHJJSTVIbk1CRmh0RkROZ0l4Yi1fYUFCSUM5UENLUVpaTng0SFIzcjg?oc=5\" target=\"_blank\" rel=\"nofollow noopener\">N\u00c4DALA ILMAPROGNOOS \u27e9 Kr\u00f5bedad k\u00fclmakraadid ja kirdetuul j\u00e4tkavad oma t\u00f6\u00f6d<\/a>&nbsp;&nbsp;parnu.postimees.ee<\/li>\n<\/ol>\n","protected":false},"excerpt":{"rendered":"K\u00fclmaga rinda pistnud koolid v\u00e4ljusid katsumusest v\u00f5itjana&nbsp;&nbsp;sakala.postimees.ee Pakane n\u00e4pistab k\u00f5vasti: n\u00e4dala l\u00f5pus tuleb kuni 28 kraadi k\u00fclma&nbsp;&nbsp;Ilmajaam.ee ILMATEADE&hellip;\n","protected":false},"author":2,"featured_media":94933,"comment_status":"","ping_status":"","sticky":false,"template":"","format":"standard","meta":{"footnotes":"","_share_on_mastodon":"0"},"categories":[5],"tags":[15559,8561,26,27,37,33,35,34,36,31,32,21,29632,22010,46134,28,29,19,25,8560,23,24,22,20,46133,30],"class_list":["post-94932","post","type-post","status-publish","format-standard","has-post-thumbnail","category-uldised-uudised","tag-abja-gumnaasium","tag-anne-poldsaar","tag-breaking-news","tag-breakingnews","tag-ee","tag-eesti","tag-eesti-keel","tag-estonia","tag-estonian","tag-featured-news","tag-featurednews","tag-headlines","tag-koolimaja","tag-kulm","tag-laine-lindvest","tag-latest-news","tag-latestnews","tag-news","tag-populaarseimad-lood","tag-tarvastu-gumnaasium","tag-top-stories","tag-topstories","tag-uldised-uudised","tag-uudised","tag-vana-maja","tag-viimased-uudised"],"share_on_mastodon":{"url":"https:\/\/pubeurope.com\/@ee\/115970329959831071","error":""},"_links":{"self":[{"href":"https:\/\/www.europesays.com\/ee\/wp-json\/wp\/v2\/posts\/94932","targetHints":{"allow":["GET"]}}],"collection":[{"href":"https:\/\/www.europesays.com\/ee\/wp-json\/wp\/v2\/posts"}],"about":[{"href":"https:\/\/www.europesays.com\/ee\/wp-json\/wp\/v2\/types\/post"}],"author":[{"embeddable":true,"href":"https:\/\/www.europesays.com\/ee\/wp-json\/wp\/v2\/users\/2"}],"replies":[{"embeddable":true,"href":"https:\/\/www.europesays.com\/ee\/wp-json\/wp\/v2\/comments?post=94932"}],"version-history":[{"count":0,"href":"https:\/\/www.europesays.com\/ee\/wp-json\/wp\/v2\/posts\/94932\/revisions"}],"wp:featuredmedia":[{"embeddable":true,"href":"https:\/\/www.europesays.com\/ee\/wp-json\/wp\/v2\/media\/94933"}],"wp:attachment":[{"href":"https:\/\/www.europesays.com\/ee\/wp-json\/wp\/v2\/media?parent=94932"}],"wp:term":[{"taxonomy":"category","embeddable":true,"href":"https:\/\/www.europesays.com\/ee\/wp-json\/wp\/v2\/categories?post=94932"},{"taxonomy":"post_tag","embeddable":true,"href":"https:\/\/www.europesays.com\/ee\/wp-json\/wp\/v2\/tags?post=94932"}],"curies":[{"name":"wp","href":"https:\/\/api.w.org\/{rel}","templated":true}]}}