{"id":95193,"date":"2026-01-28T10:43:10","date_gmt":"2026-01-28T10:43:10","guid":{"rendered":"https:\/\/www.europesays.com\/ee\/95193\/"},"modified":"2026-01-28T10:43:10","modified_gmt":"2026-01-28T10:43:10","slug":"video-usa-kongressi-liiget-pritsiti-minneapolises-teadmata-ainega","status":"publish","type":"post","link":"https:\/\/www.europesays.com\/ee\/95193\/","title":{"rendered":"VIDEO | USA kongressi liiget pritsiti Minneapolises teadmata ainega"},"content":{"rendered":"<p>Publik r\u00f5\u00f5mustas, kui pritsija maha suruti ja tema k\u00e4ed selja taha k\u00f6ideti, vahendab Associated Press.<\/p>\n<p>Minneapolise politsei esindaja \u00fctles, et politseinikud v\u00f5tsid mehe kuni v\u00f5imalike kallaletungis\u00fc\u00fcdistuste esitamiseni vahi alla ja s\u00fcndmuskohal k\u00e4isid kriminalistid.<\/p>\n<p>Omar j\u00e4tkas p\u00e4rast mehe minema viimist oma k\u00f5net.<\/p>\n<p>Enne r\u00fcnnakut oli Omar n\u00f5udnud USA immigratsiooni- ja tolliteenistuse ICE kaotamist ning sisejulgeolekuministri <a rel=\"noopener nofollow\" target=\"_blank\" href=\"https:\/\/www.delfi.ee\/teema\/96868379\/kristi-noem\" tag-id=\"96868379\">Kristi Noemi<\/a> tagasiastumist.<\/p>\n<p>Omari kantselei teatas, et temaga on k\u00f5ik korras. \u201eTa j\u00e4tkas oma k\u00f5nega, sest ta ei lase kiusajatel v\u00f5ita.\u201c<\/p>\n<p>Omar s\u00fcndis Somaalias ja kolis lapsena <a rel=\"noopener nofollow\" target=\"_blank\" href=\"https:\/\/www.delfi.ee\/teema\/56938188\/minnesota\" tag-id=\"56938188\">Minnesotasse<\/a>. Esindajatekoja liige on ta neljandat valimisperioodi.<\/p>\n<p>Detsembris toimunud kabinetiistungil nimetas Trump Omari r\u00e4mpsuks ja lisas, et ka tema s\u00f5brad on r\u00e4mps.<\/p>\n<p>Kuidas see lugu Sind end tundma pani? Saada <a href=\"https:\/\/www.delfi.ee\/artikkel\/120432363\/video-usa-kongressi-liiget-pritsiti-minneapolises-teadmata-ainega\/kommentaarid\" class=\"article-body-bottom__comment article-body-bottom__comment--write button button--primary button--size-auto\" rel=\"nofollow noopener\" target=\"_blank\"> Kommenteeri <\/a><a href=\"https:\/\/www.delfi.ee\/artikkel\/120432363\/video-usa-kongressi-liiget-pritsiti-minneapolises-teadmata-ainega\/kommentaarid\" class=\"article-body-bottom__comment article-body-bottom__comment--read button button--size-auto\" rel=\"nofollow noopener\" target=\"_blank\"> Loe kommentaare (29)<\/a><\/p>\n","protected":false},"excerpt":{"rendered":"Publik r\u00f5\u00f5mustas, kui pritsija maha suruti ja tema k\u00e4ed selja taha k\u00f6ideti, vahendab Associated Press. Minneapolise politsei esindaja&hellip;\n","protected":false},"author":2,"featured_media":95194,"comment_status":"","ping_status":"","sticky":false,"template":"","format":"standard","meta":{"footnotes":"","_share_on_mastodon":"0"},"categories":[80],"tags":[26,27,324,37,33,35,34,36,31,32,21,46187,5093,28,29,95,9302,28885,19,25,28418,23,24,22,325,20,30,92,93,94],"class_list":["post-95193","post","type-post","status-publish","format-standard","has-post-thumbnail","category-maailm","tag-breaking-news","tag-breakingnews","tag-donald-trump","tag-ee","tag-eesti","tag-eesti-keel","tag-estonia","tag-estonian","tag-featured-news","tag-featurednews","tag-headlines","tag-iowa","tag-kristi-noem","tag-latest-news","tag-latestnews","tag-maailm","tag-minneapolis","tag-minnesota","tag-news","tag-populaarseimad-lood","tag-somaalia","tag-top-stories","tag-topstories","tag-uldised-uudised","tag-usa","tag-uudised","tag-viimased-uudised","tag-world","tag-world-news","tag-worldnews"],"share_on_mastodon":{"url":"https:\/\/pubeurope.com\/@ee\/115972315705834010","error":""},"_links":{"self":[{"href":"https:\/\/www.europesays.com\/ee\/wp-json\/wp\/v2\/posts\/95193","targetHints":{"allow":["GET"]}}],"collection":[{"href":"https:\/\/www.europesays.com\/ee\/wp-json\/wp\/v2\/posts"}],"about":[{"href":"https:\/\/www.europesays.com\/ee\/wp-json\/wp\/v2\/types\/post"}],"author":[{"embeddable":true,"href":"https:\/\/www.europesays.com\/ee\/wp-json\/wp\/v2\/users\/2"}],"replies":[{"embeddable":true,"href":"https:\/\/www.europesays.com\/ee\/wp-json\/wp\/v2\/comments?post=95193"}],"version-history":[{"count":0,"href":"https:\/\/www.europesays.com\/ee\/wp-json\/wp\/v2\/posts\/95193\/revisions"}],"wp:featuredmedia":[{"embeddable":true,"href":"https:\/\/www.europesays.com\/ee\/wp-json\/wp\/v2\/media\/95194"}],"wp:attachment":[{"href":"https:\/\/www.europesays.com\/ee\/wp-json\/wp\/v2\/media?parent=95193"}],"wp:term":[{"taxonomy":"category","embeddable":true,"href":"https:\/\/www.europesays.com\/ee\/wp-json\/wp\/v2\/categories?post=95193"},{"taxonomy":"post_tag","embeddable":true,"href":"https:\/\/www.europesays.com\/ee\/wp-json\/wp\/v2\/tags?post=95193"}],"curies":[{"name":"wp","href":"https:\/\/api.w.org\/{rel}","templated":true}]}}