{"id":95543,"date":"2026-01-28T18:38:10","date_gmt":"2026-01-28T18:38:10","guid":{"rendered":"https:\/\/www.europesays.com\/ee\/95543\/"},"modified":"2026-01-28T18:38:10","modified_gmt":"2026-01-28T18:38:10","slug":"ajakirjanduspreemiate-nominentide-sekka-paases-seitse-delfi-meedia-lugu","status":"publish","type":"post","link":"https:\/\/www.europesays.com\/ee\/95543\/","title":{"rendered":"Ajakirjanduspreemiate nominentide sekka p\u00e4\u00e4ses seitse Delfi Meedia lugu"},"content":{"rendered":"<p>Aasta ajakirjaniku nominendid on Eesti Ekspressi ajakirjanik Madis Hindre, \u00d5htulehe ajakirjanik Dannar Leitmaa ja \u00c4rip\u00e4eva ajakirjanik Polina Volkova.<\/p>\n<p>Aasta ajakirjaniku valimisel l\u00e4htutakse hinnangu kujundamisel mitte \u00fchest \u00fcksikust loost, vaid kandidaadi professionaalsest tegevusest aasta jooksul, v\u00f5ttes arvesse selle ajakirjanduslikku ja \u00fchiskondlikku m\u00f5ju, professionaalseid oskusi ja meisterlikkust, leidlikkust raskuste \u00fcletamisel, l\u00e4htumist ajakirjanduse \u00fcldistest v\u00e4\u00e4rtustest ja eetikap\u00f5him\u00f5tetest.<\/p>\n<p>2025. aasta ajakirjaniku nominentide puhul m\u00e4rkis \u017e\u00fcrii, et nominentideks said v\u00f5imsad ajakirjanikud. <\/p>\n<p>Parima uudise nominendid on:<\/p>\n<p>\u017d\u00fcrii hinnangul oli sel aastal viimases voorus s\u00f5elale j\u00e4\u00e4nud uudiste puhul aegade tugevaim konkurents ja k\u00f5rge tase ning nominendid olid k\u00f5ik v\u00f5rdselt tugeval tasemel.<\/p>\n<p>Parima maakonnav\u00e4ljaandes ilmunud uudise nominendid on:<\/p>\n<ul>\n<li>\n<p>Kaire Reiljan L\u00e4\u00e4ne Elus 15. veebruaril ilmunud uudisega \u201eTekstiilij\u00e4\u00e4tmetest lahti saamine on inimese enda mure\u201c<\/p>\n<\/li>\n<li>\n<p>Marko Suurm\u00e4gi Sakalas 19. veebruaril ilmunud artikliga \u201eKaks kiirabit\u00f6\u00f6tajat kolmest ootasid koos varustusega k\u00fcmme minutit spordiklubi ukse taga\u201c ja 6. m\u00e4rtsil ilmunud artikliga \u201eTraagiline juhtum Viljandi spordisaalis t\u00f5i v\u00e4lja kiirabi igap\u00e4evase suure mure\u201c<\/p>\n<\/li>\n<li>\n<p>Andres Tohver 31. juulil Virumaa Teatajas ilmunud uudisega \u201eLetipea k\u00fcla sai toetusrahaga bussiootepaviljoni, ehkki k\u00fclla ei k\u00e4i \u00fchtegi liinibussi\u201c<\/p>\n<\/li>\n<\/ul>\n<p>Parima venekeelse uudise nominendid on:<\/p>\n<ul>\n<li>\n<p>Marina Begunkova 8. detsembril RUs.Delfi.ee-s ilmunud uudisega \u201e\u201c<a rel=\"noopener follow nofollow\" target=\"_blank\" href=\"https:\/\/rus.delfi.ee\/statja\/120421817\/nas-otkazalis-prinimat-potomu-chto-rebenok-ne-znaet-estonskogo-tri-mesyaca-ukrainskaya-treteklassnica-v-tallinne-bez-shkoly\" data-rel-date-range=\"[]\">\u041d\u0430\u0441 \u043e\u0442\u043a\u0430\u0437\u0430\u043b\u0438\u0441\u044c \u043f\u0440\u0438\u043d\u0438\u043c\u0430\u0442\u044c, \u043f\u043e\u0442\u043e\u043c\u0443 \u0447\u0442\u043e \u0440\u0435\u0431\u0435\u043d\u043e\u043a \u043d\u0435 \u0437\u043d\u0430\u0435\u0442 \u044d\u0441\u0442\u043e\u043d\u0441\u043a\u043e\u0433\u043e\u201c. \u0422\u0440\u0438 \u043c\u0435\u0441\u044f\u0446\u0430 \u0443\u043a\u0440\u0430\u0438\u043d\u0441\u043a\u0430\u044f \u0442\u0440\u0435\u0442\u044c\u0435\u043a\u043b\u0430\u0441\u0441\u043d\u0438\u0446\u0430 \u0432 \u0422\u0430\u043b\u043b\u0438\u043d\u043d\u0435 \u0431\u0435\u0437 \u0448\u043a\u043e\u043b\u044b<\/a>\u201c<\/p>\n<\/li>\n<li>\n<p>Jekaterina Mereminskaja Delov\u00f5je Vedomostis 1. oktoobril ilmunud uudisega \u201e\u041f\u0440\u043e\u043b\u0435\u0437\u043b\u0438 \u0441 \u043c\u044b\u043b\u043e\u043c. \u041f\u0440\u043e\u0434\u0443\u043a\u0446\u0438\u044f \u044d\u0441\u0442\u043e\u043d\u0441\u043a\u043e\u0439 \u043a\u043e\u043c\u043f\u0430\u043d\u0438\u0438 \u043f\u043e\u043f\u0430\u0434\u0430\u0435\u0442 \u0432 \u0420\u043e\u0441\u0441\u0438\u044e \u0447\u0435\u0440\u0435\u0437 \u041a\u0430\u0437\u0430\u0445\u0441\u0442\u0430\u043d\u201c, 14. oktoobril ilmunud uudisega \u201e\u201c\u041f\u043e\u0434\u043e\u0437\u0440\u0435\u0432\u0430\u0435\u043c\u044b\u0439 \u0432 \u0433\u043e\u0441\u0438\u0437\u043c\u0435\u043d\u0435 \u0414\u043c\u0438\u0442\u0440\u0438\u0439 \u0420\u043e\u043e\u0442\u0441\u0438 \u0440\u0443\u043a\u043e\u0432\u043e\u0434\u0438\u0442 \u0440\u043e\u0441\u0441\u0438\u0439\u0441\u043a\u043e\u0439 \u043a\u043e\u043c\u043f\u0430\u043d\u0438\u0435\u0439 \u0438\u0437 \u0442\u044e\u0440\u044c\u043c\u044b\u201c ja 30. detsembril ilmunud uudisega \u201e\u0420\u043e\u0441\u0441\u0438\u0439\u0441\u043a\u0438\u0439 \u0433\u0430\u0437 \u0440\u0435\u0433\u0443\u043b\u044f\u0440\u043d\u043e \u043f\u0440\u043e\u0441\u0430\u0447\u0438\u0432\u0430\u043b\u0441\u044f \u0432 \u042d\u0441\u0442\u043e\u043d\u0438\u044e. \u201e\u041c\u0430\u043b\u043e \u043b\u0438, \u0447\u0442\u043e \u0431\u044b\u043b\u043e \u0432 \u043f\u0440\u043e\u0448\u043b\u043e\u043c \u0433\u043e\u0434\u0443\u201c\u201c<\/p>\n<\/li>\n<li>\n<p>Ilja Smirnov P\u00f5hjarannikus\/ Severnoje Pobere\u017ejes 28. novembril ilmunud uudisega \u201e\u041a\u0430\u0442\u0440\u0438 \u0420\u0430\u0439\u043a \u043f\u043e\u0441\u043f\u0435\u0448\u043d\u043e \u043d\u0430\u0437\u043d\u0430\u0447\u0438\u043b\u0430 \u0432 \u0441\u043e\u0432\u0435\u0442\u044b \u0434\u0435\u043f\u0443\u0442\u0430\u0442\u043e\u0432, \u0447\u0442\u043e\u0431\u044b \u0443\u043a\u0440\u0435\u043f\u0438\u0442\u044c \u043a\u043e\u0430\u043b\u0438\u0446\u0438\u044e \u0441\u043e \u0421\u0442\u0430\u043b\u044c\u043d\u0443\u0445\u0438\u043d\u044b\u043c \u043f\u0435\u0440\u0435\u0434 \u0433\u043e\u043b\u043e\u0441\u043e\u0432\u0430\u043d\u0438\u044f\u043c\u0438\u201c<\/p>\n<\/li>\n<\/ul>\n<p>Parima arvamuse nominendid on: <\/p>\n<p>Parima venekeelse arvamuse nominendid on: <\/p>\n<p>Parima maakonnav\u00e4ljaandes ilmunud arvamuse nominendid on:<\/p>\n<ul>\n<li>\n<p>Arved Breidaks L\u00f5una-Eesti Postimehes 2. detsembril ilmunud arvamusega \u201eAdvendiaega astudes v\u00f5ta kaasa leppimine\u201c<\/p>\n<\/li>\n<li>\n<p>Erik Gamzejev P\u00f5hjarannikus 5. veebruaril ilmunud arvamusega \u201eVastuseismise epideemia bumerangiefekt\u201c<\/p>\n<\/li>\n<li>\n<p>Kuido Saarpuu J\u00e4rva Teatajas 17. mail ilmunud arvamusega \u201eKuhu k\u00fcll k\u00f5ik J\u00e4rvamaa poisid j\u00e4id&#8230;\u201c <\/p>\n<\/li>\n<li>\n<p>Richard S\u00e4rk Tartu Postimehes 21. novembril ilmunud arvamusega \u201eRichard S\u00e4rk: kas kiusamine t\u00f5esti t\u00f6\u00f6tab ehk Miks Isamaa laseb Kris K\u00e4rneril end alandada?\u201c<\/p>\n<\/li>\n<\/ul>\n<p>V\u00f5itjad avalikustatakse 20. veebruaril Tallinnas Reval Cafes toimuval pressipeol.<\/p>\n<p>\u017d\u00fcrii t\u00f6\u00f6d juhatas Delfi peatoimetaja Urmo Soonvald. \u017d\u00fcriisse kuulusid \u00d5htulehe peatoimetaja Martin \u0160mutov, Hiiu Lehe peatoimetaja Raul Vinni, Eesti Rahvusringh\u00e4\u00e4lingu n\u00f5ukogu esimees Sulev Valner, meediaekspert Pavel Ivanov, O\u00dc N\u00e4daline n\u00f5ukogu esimees ja kauaaegne ajakirjanik T\u00f5nis T\u00f5nisson, P\u00f5hjaranniku peatoimetaja Erik Gamzejev ja \u00c4rip\u00e4eva uudistejuht Martin Johannes Teder.<\/p>\n<p>Ajakirjanduspreemiate konkurssi rahastavad \u00c4rip\u00e4ev, \u00d5htuleht ja Delfi Meedia.<\/p>\n<p>Kuidas see lugu Sind end tundma pani? Saada <a href=\"https:\/\/www.delfi.ee\/artikkel\/120432498\/ajakirjanduspreemiate-nominentide-sekka-paases-mitu-delfi-meedia-lugu\/kommentaarid\" class=\"article-body-bottom__comment article-body-bottom__comment--write button button--primary button--size-auto\" rel=\"nofollow noopener\" target=\"_blank\"> Kommenteeri <\/a><a href=\"https:\/\/www.delfi.ee\/artikkel\/120432498\/ajakirjanduspreemiate-nominentide-sekka-paases-mitu-delfi-meedia-lugu\/kommentaarid\" class=\"article-body-bottom__comment article-body-bottom__comment--read button button--size-auto\" rel=\"nofollow noopener\" target=\"_blank\"> Loe kommentaare (7)<\/a><\/p>\n","protected":false},"excerpt":{"rendered":"Aasta ajakirjaniku nominendid on Eesti Ekspressi ajakirjanik Madis Hindre, \u00d5htulehe ajakirjanik Dannar Leitmaa ja \u00c4rip\u00e4eva ajakirjanik Polina Volkova.&hellip;\n","protected":false},"author":2,"featured_media":95544,"comment_status":"","ping_status":"","sticky":false,"template":"","format":"standard","meta":{"footnotes":"","_share_on_mastodon":"0"},"categories":[5],"tags":[11265,26,27,37,33,35,34,36,31,32,21,28,29,19,25,10953,23,24,22,20,30],"class_list":["post-95543","post","type-post","status-publish","format-standard","has-post-thumbnail","category-uldised-uudised","tag-ajakirjanik","tag-breaking-news","tag-breakingnews","tag-ee","tag-eesti","tag-eesti-keel","tag-estonia","tag-estonian","tag-featured-news","tag-featurednews","tag-headlines","tag-latest-news","tag-latestnews","tag-news","tag-populaarseimad-lood","tag-preemia","tag-top-stories","tag-topstories","tag-uldised-uudised","tag-uudised","tag-viimased-uudised"],"share_on_mastodon":{"url":"https:\/\/pubeurope.com\/@ee\/115974183525518096","error":""},"_links":{"self":[{"href":"https:\/\/www.europesays.com\/ee\/wp-json\/wp\/v2\/posts\/95543","targetHints":{"allow":["GET"]}}],"collection":[{"href":"https:\/\/www.europesays.com\/ee\/wp-json\/wp\/v2\/posts"}],"about":[{"href":"https:\/\/www.europesays.com\/ee\/wp-json\/wp\/v2\/types\/post"}],"author":[{"embeddable":true,"href":"https:\/\/www.europesays.com\/ee\/wp-json\/wp\/v2\/users\/2"}],"replies":[{"embeddable":true,"href":"https:\/\/www.europesays.com\/ee\/wp-json\/wp\/v2\/comments?post=95543"}],"version-history":[{"count":0,"href":"https:\/\/www.europesays.com\/ee\/wp-json\/wp\/v2\/posts\/95543\/revisions"}],"wp:featuredmedia":[{"embeddable":true,"href":"https:\/\/www.europesays.com\/ee\/wp-json\/wp\/v2\/media\/95544"}],"wp:attachment":[{"href":"https:\/\/www.europesays.com\/ee\/wp-json\/wp\/v2\/media?parent=95543"}],"wp:term":[{"taxonomy":"category","embeddable":true,"href":"https:\/\/www.europesays.com\/ee\/wp-json\/wp\/v2\/categories?post=95543"},{"taxonomy":"post_tag","embeddable":true,"href":"https:\/\/www.europesays.com\/ee\/wp-json\/wp\/v2\/tags?post=95543"}],"curies":[{"name":"wp","href":"https:\/\/api.w.org\/{rel}","templated":true}]}}