{"id":95622,"date":"2026-01-28T20:59:42","date_gmt":"2026-01-28T20:59:42","guid":{"rendered":"https:\/\/www.europesays.com\/ee\/95622\/"},"modified":"2026-01-28T20:59:42","modified_gmt":"2026-01-28T20:59:42","slug":"kell-21-40-esimeses-stuudios-meelis-oidsalu-err","status":"publish","type":"post","link":"https:\/\/www.europesays.com\/ee\/95622\/","title":{"rendered":"Kell 21.40 &quot;Esimeses stuudios&quot; Meelis Oidsalu &#8211; ERR"},"content":{"rendered":"<ol>\n<li><a href=\"https:\/\/news.google.com\/rss\/articles\/CBMifkFVX3lxTFBCVWJGeUxmYjYzSl9VSzFpOEJHeWcxWEE1Z0JXSXN3R284SzJxNkotbzFVZzE4VUlEZkMtWE9IWGFya1o1akNkeGVodGhwX2VMQkplNmM4UlJUT0ozakZ4UndaN2lmOC1Dc3VuTTdSTTZKeC1oRndHVFkxWlM2Zw?oc=5\" target=\"_blank\" rel=\"nofollow noopener\">Kell 21.40 &#8220;Esimeses stuudios&#8221; Meelis Oidsalu<\/a>&nbsp;&nbsp;ERR<\/li>\n<li><a href=\"https:\/\/news.google.com\/rss\/articles\/CBMingFBVV95cUxNOEVyNngzNnZzR29YWkdIMXc3SFlRV3FGS3JCTjFaeVhkVkVOU0pDNmFZY0J4eC1WNGdrU2VFOHJCRV92emd2eEgwR0FqNDNDYnIyNC1iS1l2RFV0bnpUNFJkdEJVQVliTmozZ3BSWFRNRjRLU0JDeGUxdEVZa3ZHSmh3UGgwRl9vLWxTNUxPT1RTWjBodDd4Tkt2Rm9QQQ?oc=5\" target=\"_blank\" rel=\"nofollow noopener\">Oidsalu: t\u00f5en\u00e4oliselt j\u00e4\u00e4vad USA pikad k\u00e4ed ka meile tulevikus abiks<\/a>&nbsp;&nbsp;ERR<\/li>\n<li><a href=\"https:\/\/news.google.com\/rss\/articles\/CBMizAFBVV95cUxNMmpSXzktZE4zakdlNG4yOW1Da0hoRnhOTHZRYXBYOGtvZnlySV9BdEpnZFVGbjFPVmdfR2I4MEpOSExMbV9YenNjajNETmxmSW9vcFVtdWVIWElPSGdIall5VVJFRG9WR1Z1RFVSZjZPRllBVnhMVGVNR3BwaXBPMnVLRDdLWnVzVDE5YUp4b2xfakJXVm5SaVJoMmZ4b3lRTTVvT081VHBvYUVNQzVmalJkMlNIY3puSFBrNGZZMUJ3UjVxdGlNazBOaUo?oc=5\" target=\"_blank\" rel=\"nofollow noopener\">MEELIS OIDSALU USA uus kaitsestrateegia: t\u00f5eline oht \u00e4hvardab Hiinast, Venemaaga tegelegu Euroopa<\/a>&nbsp;&nbsp;Postimees<\/li>\n<li><a href=\"https:\/\/news.google.com\/rss\/articles\/CBMihwFBVV95cUxPTmlkUFcwOEFrWF9xMGtMcm9weExsN2syTVpKaEY3OHZhcUNIWGNObERwbE96YVkyXzdDOFFjdHQybm1JUlJkbmJZNVhCenJETnNGWWdfa1J3Sllfa1VnTHFXMV91QmZCeUtZenNJdWVva3BHanNUakxXYm9xZnd0Nm5UeDVBb00?oc=5\" target=\"_blank\" rel=\"nofollow noopener\">USA piirab oma rolli Euroopa ja L\u00f5una-Korea kaitsmisel<\/a>&nbsp;&nbsp;L\u00f5unaeestlane<\/li>\n<li><a href=\"https:\/\/news.google.com\/rss\/articles\/CBMi5wFBVV95cUxPSWRzOWg0aXpiUEoyRGJVcGNVNW9meTZzMS1PQXZ0Ry1WbjkyWUpUUzljUjFNaEh0UzJtVjk5ckhPeW54S1R5UkU0blYtUmVLeVhldGJic3BFRFdyYUhiLXpwbmZGbGVfbFpPNi0ydEs2eDliUl94MjZUNG40MWhPdlN4TWFvRHIzc2N3N1R2MzNrenNFYktXQzRpbWEyMmpnX0VsbUU0eEZpVWRrOFo2Unh5SVk5Um9Mc2hfdG1PSVJOc2s3cjFiLS1QUkdvUVVVTG9lSHZZeDNINFc3cVA2dzZkU2h2OTA?oc=5\" target=\"_blank\" rel=\"nofollow noopener\">MEELIS OIDSALU USA uus rahvusliku kaitsestrateegia dokument: t\u00f5eline oht \u00e4hvardab Hiinast, Venemaaga tegelegu Euroopa<\/a>&nbsp;&nbsp;Postimees<\/li>\n<\/ol>\n","protected":false},"excerpt":{"rendered":"Kell 21.40 &#8220;Esimeses stuudios&#8221; Meelis Oidsalu&nbsp;&nbsp;ERR Oidsalu: t\u00f5en\u00e4oliselt j\u00e4\u00e4vad USA pikad k\u00e4ed ka meile tulevikus abiks&nbsp;&nbsp;ERR MEELIS OIDSALU&hellip;\n","protected":false},"author":2,"featured_media":95623,"comment_status":"","ping_status":"","sticky":false,"template":"","format":"standard","meta":{"footnotes":"","_share_on_mastodon":"0"},"categories":[80],"tags":[26,27,37,33,35,4118,34,36,31,32,21,28,29,33753,95,2801,54,19,25,23,24,22,325,20,30,92,93,94],"class_list":["post-95622","post","type-post","status-publish","format-standard","has-post-thumbnail","category-maailm","tag-breaking-news","tag-breakingnews","tag-ee","tag-eesti","tag-eesti-keel","tag-esimene-stuudio","tag-estonia","tag-estonian","tag-featured-news","tag-featurednews","tag-headlines","tag-latest-news","tag-latestnews","tag-liitlassuhted","tag-maailm","tag-meelis-oidsalu","tag-nato","tag-news","tag-populaarseimad-lood","tag-top-stories","tag-topstories","tag-uldised-uudised","tag-usa","tag-uudised","tag-viimased-uudised","tag-world","tag-world-news","tag-worldnews"],"share_on_mastodon":{"url":"https:\/\/pubeurope.com\/@ee\/115974737910473477","error":""},"_links":{"self":[{"href":"https:\/\/www.europesays.com\/ee\/wp-json\/wp\/v2\/posts\/95622","targetHints":{"allow":["GET"]}}],"collection":[{"href":"https:\/\/www.europesays.com\/ee\/wp-json\/wp\/v2\/posts"}],"about":[{"href":"https:\/\/www.europesays.com\/ee\/wp-json\/wp\/v2\/types\/post"}],"author":[{"embeddable":true,"href":"https:\/\/www.europesays.com\/ee\/wp-json\/wp\/v2\/users\/2"}],"replies":[{"embeddable":true,"href":"https:\/\/www.europesays.com\/ee\/wp-json\/wp\/v2\/comments?post=95622"}],"version-history":[{"count":0,"href":"https:\/\/www.europesays.com\/ee\/wp-json\/wp\/v2\/posts\/95622\/revisions"}],"wp:featuredmedia":[{"embeddable":true,"href":"https:\/\/www.europesays.com\/ee\/wp-json\/wp\/v2\/media\/95623"}],"wp:attachment":[{"href":"https:\/\/www.europesays.com\/ee\/wp-json\/wp\/v2\/media?parent=95622"}],"wp:term":[{"taxonomy":"category","embeddable":true,"href":"https:\/\/www.europesays.com\/ee\/wp-json\/wp\/v2\/categories?post=95622"},{"taxonomy":"post_tag","embeddable":true,"href":"https:\/\/www.europesays.com\/ee\/wp-json\/wp\/v2\/tags?post=95622"}],"curies":[{"name":"wp","href":"https:\/\/api.w.org\/{rel}","templated":true}]}}