{"id":95633,"date":"2026-01-28T21:15:06","date_gmt":"2026-01-28T21:15:06","guid":{"rendered":"https:\/\/www.europesays.com\/ee\/95633\/"},"modified":"2026-01-28T21:15:06","modified_gmt":"2026-01-28T21:15:06","slug":"galerii-eetrisse-joudis-ringvaate-3000-saade-ringvaade","status":"publish","type":"post","link":"https:\/\/www.europesays.com\/ee\/95633\/","title":{"rendered":"Galerii: eetrisse j\u00f5udis &#8220;Ringvaate&#8221; 3000. saade | Ringvaade"},"content":{"rendered":"<p>28. jaanuaril l\u00e4ks eetrisse &#8220;Ringvaate&#8221; 3000. saade. Erisaates otsiti v\u00e4lja k\u00f5ige esimene saade ning vaadati \u00fcheskoos tagasi, kas ja mis aastate jooksul muutunud on.<\/p>\n<p>Esimene &#8220;Ringvaade&#8221; oli ETV eetris 24. augustil 2009. aastal koos Marko Reikopi ja Anu V\u00e4lbaga. Saatejuhid tervitasid siis vaatajaid alles ehitusj\u00e4rgus stuudiost, mida kattis mullikile ja ka tellingud olid veel p\u00fcsti.<\/p>\n<p>&#8220;Ringvaate&#8221; k\u00f5ige esimene intervjueeritav oli Afganistanis vigastada saanud s\u00f5dur Rasmus Penno, kes tuli k\u00fclla ka 3000. saatesse. Erisaates intervjueeriski Pennot temaga oma esimese &#8220;Ringvaate&#8221; intervjuu teinud Anu V\u00e4lba, kes juhtis koos Reikopiga saadet aastatel 2009\u20132013.\u00a0<\/p>\n<p>3000. saatesse tuli k\u00fclla ka &#8220;Ringvaate&#8221; Terasmikrofoni esimene laureaat Tiit Sukk, kellele oli tegijatel v\u00e4lja m\u00f5eldud uus v\u00e4ljakutse. Samuti meenutatati kuulsate eestlastega, mida nemad on &#8220;Ringvaates&#8221; aastate jooksul tegema pidanud \u2013 n\u00e4iteks Jan Uusp\u00f5ld k\u00e4is Grete L\u00f5buga vannis.<\/p>\n","protected":false},"excerpt":{"rendered":"28. jaanuaril l\u00e4ks eetrisse &#8220;Ringvaate&#8221; 3000. saade. Erisaates otsiti v\u00e4lja k\u00f5ige esimene saade ning vaadati \u00fcheskoos tagasi, kas&hellip;\n","protected":false},"author":2,"featured_media":95634,"comment_status":"","ping_status":"","sticky":false,"template":"","format":"standard","meta":{"footnotes":"","_share_on_mastodon":"0"},"categories":[85],"tags":[1388,37,33,35,173,34,36,786,624,140,13392,222],"class_list":["post-95633","post","type-post","status-publish","format-standard","has-post-thumbnail","category-tv","tag-anu-valba","tag-ee","tag-eesti","tag-eesti-keel","tag-entertainment","tag-estonia","tag-estonian","tag-grete-lobu","tag-marko-reikop","tag-meelelahutus","tag-ringvaade","tag-tv"],"share_on_mastodon":{"url":"https:\/\/pubeurope.com\/@ee\/115974800797707493","error":""},"_links":{"self":[{"href":"https:\/\/www.europesays.com\/ee\/wp-json\/wp\/v2\/posts\/95633","targetHints":{"allow":["GET"]}}],"collection":[{"href":"https:\/\/www.europesays.com\/ee\/wp-json\/wp\/v2\/posts"}],"about":[{"href":"https:\/\/www.europesays.com\/ee\/wp-json\/wp\/v2\/types\/post"}],"author":[{"embeddable":true,"href":"https:\/\/www.europesays.com\/ee\/wp-json\/wp\/v2\/users\/2"}],"replies":[{"embeddable":true,"href":"https:\/\/www.europesays.com\/ee\/wp-json\/wp\/v2\/comments?post=95633"}],"version-history":[{"count":0,"href":"https:\/\/www.europesays.com\/ee\/wp-json\/wp\/v2\/posts\/95633\/revisions"}],"wp:featuredmedia":[{"embeddable":true,"href":"https:\/\/www.europesays.com\/ee\/wp-json\/wp\/v2\/media\/95634"}],"wp:attachment":[{"href":"https:\/\/www.europesays.com\/ee\/wp-json\/wp\/v2\/media?parent=95633"}],"wp:term":[{"taxonomy":"category","embeddable":true,"href":"https:\/\/www.europesays.com\/ee\/wp-json\/wp\/v2\/categories?post=95633"},{"taxonomy":"post_tag","embeddable":true,"href":"https:\/\/www.europesays.com\/ee\/wp-json\/wp\/v2\/tags?post=95633"}],"curies":[{"name":"wp","href":"https:\/\/api.w.org\/{rel}","templated":true}]}}