{"id":95653,"date":"2026-01-28T22:03:25","date_gmt":"2026-01-28T22:03:25","guid":{"rendered":"https:\/\/www.europesays.com\/ee\/95653\/"},"modified":"2026-01-28T22:03:25","modified_gmt":"2026-01-28T22:03:25","slug":"kuhu-minek-chelsea-suutis-kapil-ulikallist-tolmu-kogunud-lepingu-viimaks-lopetada-soccernet-ee","status":"publish","type":"post","link":"https:\/\/www.europesays.com\/ee\/95653\/","title":{"rendered":"Kuhu minek? Chelsea suutis kapil \u00fclikallist tolmu kogunud lepingu viimaks l\u00f5petada &#8211; Soccernet.ee"},"content":{"rendered":"<p><img decoding=\"async\" src=\"https:\/\/www.europesays.com\/ee\/wp-content\/uploads\/2026\/01\/1768912065.jpg\" alt=\"Raheem Sterling. Foto: Scanpix \/ Dave Thompson \/ AP\"\/>&#13;\n<\/p>\n<p>Chelsea suutis viimaks saada lahti 375 tuhande eurose n\u00e4dalapalgaga Raheem Sterlingust, kes pole sel hooajal saanud kirja \u00fchtki kohtumist.\u00a0<\/p>\n<p>Sterling liitus Chelseaga 2022. aasta suvel k\u00f5va avaldusena. Toona klubi spordidirektorina tegutsenud Todd Boehly kirjutas alla 55-miljonilisele \u00fcleminekule ning Manchester Cityst tulnud \u00e4\u00e4rer\u00fcndajale hakati maksma n\u00e4dalas ligi 375 tuhat eurot. Kusjuures k\u00e4imasoleva hooaja andmete v\u00f5rdluses on see paremuselt viies Premier League&#8217;i palganumber.&#13;\n<\/p>\n<p>Esimene hooaeg Stamford Bridge&#8217;il polnud Sterlingul tingimata kehv &#8211; 38 m\u00e4nguga kogunes \u00fcheksa v\u00e4ravat ja neli v\u00e4ravas\u00f6\u00f6tu &#8211; kuid Chelsea tervikuna k\u00e4is alla. Kehvad tulemused viisid tihedate treeneritevahetusteni, mis Sterlingu m\u00e4nguajale kasuks ei tulnud. Hooajaks 2024\/2025 otsustati ta laenata Arsenalile, kes pigistas mehest 28 kohtumisega v\u00e4lja vaid \u00fcheainsa v\u00e4rava.&#13;\n<\/p>\n<p>Kui Sterling 2025. aasta suvel Chelseasse naasis, lootis klubi ta j\u00e4rgmisele otsale saata, sest ka Enzo Maresca polnud tema teenetest huvitatud. Peamiseks takistuseks sai aga soov j\u00e4\u00e4da Londonisse, kuhu ta pere oli end sisse seadnud. Nii ei j\u00f5udnud kokkuleppele ei Leverkuseni Bayeri ega Juventusega, \u00e4ra vajusid ka variandid Fulhamis, Crystal Palace&#8217;is ja West Hamis. Nii j\u00e4i Sterling Chelseasse tiksuma, meeskonnast eraldi treenima.<\/p>\n<p>Osapooled leidsid viimaks \u00fchise keele Sterlingu tuleviku osas: klubi teatas, et veel poolteist aastat kehtima pidanud leping l\u00f5petati \u00fchisel kokkuleppel. Chelseat esindas ta l\u00f5puks 81 m\u00e4ngu, mis t\u00f5id 19 v\u00e4ravat ja 15 v\u00e4ravas\u00f6\u00f6tu.&#13;\n<\/p>\n<p>BBC kirjutab, et ideaalis tahaks Sterling karj\u00e4\u00e4ri j\u00e4tkata Londonis. Samas on jalgpalliekspert Fabrizio Romano kirjutanud, et mehest oleks huvitatud uut hingamist otsiv Itaalia valitsev meister Napoli. Tema andmetel on Sterling huvitatud uuest algusest kodumaalt eemal.<\/p>\n","protected":false},"excerpt":{"rendered":"&#13; Chelsea suutis viimaks saada lahti 375 tuhande eurose n\u00e4dalapalgaga Raheem Sterlingust, kes pole sel hooajal saanud kirja&hellip;\n","protected":false},"author":2,"featured_media":89693,"comment_status":"","ping_status":"","sticky":false,"template":"","format":"standard","meta":{"footnotes":"","_share_on_mastodon":"0"},"categories":[18],"tags":[1098,37,33,35,34,36,1101,808,44059,159,158,44060],"class_list":["post-95653","post","type-post","status-publish","format-standard","has-post-thumbnail","category-sport","tag-chelsea","tag-ee","tag-eesti","tag-eesti-keel","tag-estonia","tag-estonian","tag-inglismaa","tag-premier-league","tag-raheem-sterling","tag-sport","tag-sports","tag-sterling"],"share_on_mastodon":{"url":"https:\/\/pubeurope.com\/@ee\/115974989571677784","error":""},"_links":{"self":[{"href":"https:\/\/www.europesays.com\/ee\/wp-json\/wp\/v2\/posts\/95653","targetHints":{"allow":["GET"]}}],"collection":[{"href":"https:\/\/www.europesays.com\/ee\/wp-json\/wp\/v2\/posts"}],"about":[{"href":"https:\/\/www.europesays.com\/ee\/wp-json\/wp\/v2\/types\/post"}],"author":[{"embeddable":true,"href":"https:\/\/www.europesays.com\/ee\/wp-json\/wp\/v2\/users\/2"}],"replies":[{"embeddable":true,"href":"https:\/\/www.europesays.com\/ee\/wp-json\/wp\/v2\/comments?post=95653"}],"version-history":[{"count":0,"href":"https:\/\/www.europesays.com\/ee\/wp-json\/wp\/v2\/posts\/95653\/revisions"}],"wp:featuredmedia":[{"embeddable":true,"href":"https:\/\/www.europesays.com\/ee\/wp-json\/wp\/v2\/media\/89693"}],"wp:attachment":[{"href":"https:\/\/www.europesays.com\/ee\/wp-json\/wp\/v2\/media?parent=95653"}],"wp:term":[{"taxonomy":"category","embeddable":true,"href":"https:\/\/www.europesays.com\/ee\/wp-json\/wp\/v2\/categories?post=95653"},{"taxonomy":"post_tag","embeddable":true,"href":"https:\/\/www.europesays.com\/ee\/wp-json\/wp\/v2\/tags?post=95653"}],"curies":[{"name":"wp","href":"https:\/\/api.w.org\/{rel}","templated":true}]}}