{"id":95732,"date":"2026-01-29T03:24:07","date_gmt":"2026-01-29T03:24:07","guid":{"rendered":"https:\/\/www.europesays.com\/ee\/95732\/"},"modified":"2026-01-29T03:24:07","modified_gmt":"2026-01-29T03:24:07","slug":"analuus-trump-loi-valitud-riikide-klubi-mis-voib-korda-saata-ettearvamatuid-tegusid","status":"publish","type":"post","link":"https:\/\/www.europesays.com\/ee\/95732\/","title":{"rendered":"ANAL\u00dc\u00dcS | Trump l\u00f5i valitud riikide klubi, mis v\u00f5ib korda saata ettearvamatuid tegusid"},"content":{"rendered":"<p class=\"p1\">\u201eMa arvan, et saame laieneda ka muudele asjadele, kui oleme Gazas edukad,\u201c \u00fctles Trump eelmisel n\u00e4dalal Davosis nn <a rel=\"noopener nofollow\" target=\"_blank\" href=\"https:\/\/www.delfi.ee\/teema\/96882523\/rahunoukogu\" tag-id=\"96882523\">rahun\u00f5ukogu<\/a> asutamisdokumendi allkirjastamisel. \u201eGazas oleme v\u00e4ga edukad. Me saame teha palju muid asju. Kui see n\u00f5ukogu on t\u00e4ielikult moodustatud, saame teha peaaegu k\u00f5ike, mida tahame.\u201c<\/p>\n<p class=\"p1\">Neid lauseid \u00f6eldes viitas Trump, et riigid, kes on talle lojaalsed ja tema algatusega liituvad, saavad t\u00fcki maailmast, mida ta on hakanud endale sobivaks \u00fcmber korraldama.     <\/p>\n<p>Oled juba tellija?Logi sisse<\/p>\n<p><a href=\"https:\/\/www.delfi.ee\/artikkel\/120432214\/analuus-trump-loi-valitud-riikide-klubi-mis-voib-korda-saata-ettearvamatuid-tegusid\/kommentaarid\" class=\"article-body-bottom__comment article-body-bottom__comment--write button button--primary button--size-auto\" rel=\"nofollow noopener\" target=\"_blank\"> Kommenteeri <\/a><a href=\"https:\/\/www.delfi.ee\/artikkel\/120432214\/analuus-trump-loi-valitud-riikide-klubi-mis-voib-korda-saata-ettearvamatuid-tegusid\/kommentaarid\" class=\"article-body-bottom__comment article-body-bottom__comment--read button button--size-auto\" rel=\"nofollow noopener\" target=\"_blank\"> Loe kommentaare <\/a><\/p>\n","protected":false},"excerpt":{"rendered":"\u201eMa arvan, et saame laieneda ka muudele asjadele, kui oleme Gazas edukad,\u201c \u00fctles Trump eelmisel n\u00e4dalal Davosis nn&hellip;\n","protected":false},"author":2,"featured_media":95733,"comment_status":"","ping_status":"","sticky":false,"template":"","format":"standard","meta":{"footnotes":"","_share_on_mastodon":"0"},"categories":[80],"tags":[587,621,26,27,324,37,33,35,34,36,31,32,620,2103,21,326,619,1590,4035,3519,28,29,95,19,25,22349,23,24,22,795,1036,20,96,30,92,93,94],"class_list":["post-95732","post","type-post","status-publish","format-standard","has-post-thumbnail","category-maailm","tag-ameerika-uhendriigid","tag-benjamin-netanyahu","tag-breaking-news","tag-breakingnews","tag-donald-trump","tag-ee","tag-eesti","tag-eesti-keel","tag-estonia","tag-estonian","tag-featured-news","tag-featurednews","tag-gaza","tag-gaza-soda","tag-headlines","tag-hiina","tag-iisrael","tag-iisrael-palestiina","tag-iisraeli-kaitsevagi","tag-iisraeli-palestiina-konflikt","tag-latest-news","tag-latestnews","tag-maailm","tag-news","tag-populaarseimad-lood","tag-rahunoukogu","tag-top-stories","tag-topstories","tag-uldised-uudised","tag-uro","tag-uro-julgeolekunoukogu","tag-uudised","tag-venemaa","tag-viimased-uudised","tag-world","tag-world-news","tag-worldnews"],"share_on_mastodon":{"url":"","error":"Validation failed: Text character limit of 500 exceeded"},"_links":{"self":[{"href":"https:\/\/www.europesays.com\/ee\/wp-json\/wp\/v2\/posts\/95732","targetHints":{"allow":["GET"]}}],"collection":[{"href":"https:\/\/www.europesays.com\/ee\/wp-json\/wp\/v2\/posts"}],"about":[{"href":"https:\/\/www.europesays.com\/ee\/wp-json\/wp\/v2\/types\/post"}],"author":[{"embeddable":true,"href":"https:\/\/www.europesays.com\/ee\/wp-json\/wp\/v2\/users\/2"}],"replies":[{"embeddable":true,"href":"https:\/\/www.europesays.com\/ee\/wp-json\/wp\/v2\/comments?post=95732"}],"version-history":[{"count":0,"href":"https:\/\/www.europesays.com\/ee\/wp-json\/wp\/v2\/posts\/95732\/revisions"}],"wp:featuredmedia":[{"embeddable":true,"href":"https:\/\/www.europesays.com\/ee\/wp-json\/wp\/v2\/media\/95733"}],"wp:attachment":[{"href":"https:\/\/www.europesays.com\/ee\/wp-json\/wp\/v2\/media?parent=95732"}],"wp:term":[{"taxonomy":"category","embeddable":true,"href":"https:\/\/www.europesays.com\/ee\/wp-json\/wp\/v2\/categories?post=95732"},{"taxonomy":"post_tag","embeddable":true,"href":"https:\/\/www.europesays.com\/ee\/wp-json\/wp\/v2\/tags?post=95732"}],"curies":[{"name":"wp","href":"https:\/\/api.w.org\/{rel}","templated":true}]}}