{"id":95757,"date":"2026-01-29T05:13:07","date_gmt":"2026-01-29T05:13:07","guid":{"rendered":"https:\/\/www.europesays.com\/ee\/95757\/"},"modified":"2026-01-29T05:13:07","modified_gmt":"2026-01-29T05:13:07","slug":"usa-foderaalreserv-jattis-intressimaarad-muutmata-majandus","status":"publish","type":"post","link":"https:\/\/www.europesays.com\/ee\/95757\/","title":{"rendered":"USA f\u00f6deraalreserv j\u00e4ttis intressim\u00e4\u00e4rad muutmata | Majandus"},"content":{"rendered":"<p>USA F\u00f6deraalreserv otsustas kolmap\u00e4eval j\u00e4tta intressim\u00e4\u00e4rad muutmata, kuna keskpanga juhi Jerome Powelli s\u00f5nul on majandus tugev ning inflatsiooni ja t\u00f6\u00f6h\u00f5ive riskid on v\u00e4henenud. See v\u00f5ib viidata, et intressim\u00e4\u00e4rasid l\u00e4hiajal ei alandata, mis t\u00e4hendab, et ka ameeriklaste laenukulud ei lange.<\/p>\n<p>&#8220;Majandus on meid taas oma tugevusega \u00fcllatanud,&#8221; \u00fctles Powell pressikonverentsil p\u00e4rast seda, kui f\u00f6deraalreservi poliitikakujundajad otsustasid p\u00e4rast kahep\u00e4evast kohtumist h\u00e4\u00e4ltega 10-2 keskpanga baasintressim\u00e4\u00e4ra hoidmise poolt vahemikus 3,50\u20133,75 protsenti.<\/p>\n<p>M\u00e4rkides laialdast sisemist toetust otsusele, \u00fctles Powell, et keskpank on endiselt heas positsioonis, et hinnata, kas v\u00f5i millal intressim\u00e4\u00e4ra langetamine vajalik v\u00f5ib olla.<\/p>\n<p>&#8220;V\u00f5ib esineda kombinatsioone, l\u00f5pmatu arv kombinatsioone, mis paneksid meid tahtma tegutseda,&#8221; \u00fctles ta, kusjuures kaks v\u00f5imalust on t\u00f6\u00f6turu n\u00f5rgenemine v\u00f5i inflatsiooni langemine f\u00f6deraalreservi (Fed) kahe protsendi sihttasemeni. P\u00e4rast Fedi viimast poliitikakoosolekut detsembris, mil langetati intressim\u00e4\u00e4rasid kolmandat korda j\u00e4rjest, on inflatsiooni t\u00f5usuriskid ja t\u00f6\u00f6h\u00f5ive langusriskid v\u00e4henenud. Kuid need on endiselt olemas, \u00fctles Powell. &#8220;Meie arvates on meie poliitika heas seisus,&#8221; lisas ta.<\/p>\n<p>Intressim\u00e4\u00e4ra suhtes tehtud otsus, mida finantsturud laialdaselt ootasid, j\u00e4i p\u00e4rast koosolekut toimunud pressikonverentsil varju, kuna reporterid k\u00fcsisid Powellilt keskpanga iseseisvust \u00e4hvardavate ohtude ja selle kohta, kas ta kavatseb j\u00e4\u00e4da keskpanka ka p\u00e4rast oma ametiaja l\u00f5ppu f\u00f6deraalreservi juhina mais \u2013 v\u00f5imalus, mis sai uue t\u00e4henduse p\u00e4rast seda, kui president Donald Trumpi administratsioon algatas tema suhtes jaanuari alguses kriminaaluurimise.<\/p>\n<p>Trump on kritiseerinud f\u00f6deraalreservi ja Powelli isiklikult suutmatuse eest teha suuri intressim\u00e4\u00e4rade langetusi, mida president peab majanduse stimuleerimiseks vajalikuks. Powell \u00fctles toona, et uurimise eesm\u00e4rk oli avaldada keskpangale survet intressim\u00e4\u00e4rasid presidendi eelistuste kohaselt langetada. Fedi juht keeldus kolmap\u00e4eval asja kohta lisakommentaaridest.<\/p>\n<p>Kuid tal oli oma j\u00e4reltulijale n\u00f5uanne: &#8220;\u00c4rge laske end kaasa t\u00f5mmata poliitikasse,&#8221; \u00fctles Powell, lisades, et ka j\u00e4rgmine Fedi juht peaks k\u00f5vasti t\u00f6\u00f6d tegema, et olla vastutav kongressi ees, mis teostab j\u00e4relevalvet keskpanga \u00fcle.<\/p>\n<p>Poliitikat kujundava f\u00f6deraalse avaturu komitee avalduses ei antud vihjeid selle kohta, millal j\u00e4rgmine intressim\u00e4\u00e4ra langetamine v\u00f5iks toimuda, m\u00e4rkides, et t\u00e4iendavate kohanduste ulatus ja ajastus baasintressim\u00e4\u00e4ras s\u00f5ltuvad saabuvatest andmetest ja majandusv\u00e4ljavaadetest, s\u00f5nastades otsuse sama moodi nagu Powell oma m\u00e4rkustes kasutas.<\/p>\n<p>&#8220;Me eeldame, et f\u00f6deraalreserv j\u00e4\u00e4b pikale pausile. Intressim\u00e4\u00e4rad on neutraalsetele l\u00e4hedale ja t\u00f6\u00f6turu tingimused stabiliseeruvad,&#8221; kirjutas Oxford Economicsi USA pea\u00f6konomist Michael Pearce p\u00e4rast poliitikaotsust, eeldades, et inflatsiooni v\u00f5imalik langus, mis on endiselt umbes \u00fche protsendipunkti v\u00f5rra f\u00f6deraalreservi eesm\u00e4rgist k\u00f5rgem, viib intressim\u00e4\u00e4rade langetamiseni juunis ja septembris.<\/p>\n<p>See v\u00e4ljavaade l\u00fckkaks j\u00e4rgmise intressim\u00e4\u00e4ra otsuse t\u00f5en\u00e4oliselt Powelli mantlip\u00e4rijale, kelle Trump peaks peagi nimetama ja senat kinnitama 16.\u201317. juuni kohtumise juhtimiseks.<\/p>\n<p>See ei pruugi siiski olla juba ette kindel otsus, kui hinnasurve pole selleks ajaks hakanud langema. Inflatsioon on viimase aasta jooksul v\u00e4he langenud ja f\u00f6deraalreservi ametnike arvates on endiselt v\u00f5imalus selle kasvuks, kuna nad usuvad, et hinnad t\u00f5usevad endiselt Trumpi administratsiooni eelmisel aastal kehtestatud uute imporditollide t\u00f5ttu.<\/p>\n<p>Powell \u00fctles, et ta eeldab, et tollide m\u00f5ju kaob selle aasta keskpaigaks. Kui seda ei juhtu, v\u00f5ib see tekitada kohese dilemma tema j\u00e4reltulijale poliitikakomitees, mis peab toime tulema COVID-19 pandeemiale j\u00e4rgnenud kiire hinnat\u00f5usuga ja mis on mures, et viis aastat kestnud eesm\u00e4rgist kiirem hinnat\u00f5us v\u00f5ib muuta ka tulevikus raskemaks inflatsiooni kontrolli all hoida.<\/p>\n<p>Seni v\u00e4idab Powell aga, et inflatsiooniootused on kontrolli all, mis v\u00f5imaldab Fedil j\u00e4lgida eelk\u00f5ige turu stabiilsust.<\/p>\n<p>Kuigi Fed m\u00e4rkis kolmap\u00e4eval, et t\u00f6\u00f6kohtade loomine on j\u00e4\u00e4nud oodatus v\u00e4iksemaks, eemaldasid keskpanga poliitikakujundajad oma varasemast avaldusest ka s\u00f5nastuse, mis v\u00e4itis, et t\u00f6\u00f6h\u00f5ive langusriskid on suurenenud &#8211; see viitab sellele, et nad ei muretse enam nii palju t\u00f6\u00f6h\u00f5iva v\u00f5imaliku \u00a0kiire languse p\u00e4rast.<\/p>\n<p>Fedi ametnikud olid enne selle n\u00e4dala kohtumist \u00fcldiselt iseloomustanud t\u00f6\u00f6turgu kui tasakaalus olevat, kusjuures uute t\u00f6\u00f6kohtade loomise oodatust madalam tase vastab t\u00f6\u00f6otsijate arvu aeglasemale kasvule Trumpi administratsiooni rangema immigratsioonipoliitika tulemusena. T\u00f6\u00f6tuse m\u00e4\u00e4r langes detsembris 4,4 protsendini.<\/p>\n<p>P\u00e4rast keskpanga otsuse avaldamist kaotasid peamised USA aktsiaindeksid veidi oma positsiooni ja sulgusid valdavalt muutumatuna. K\u00fcmneaastase riigiv\u00f5lakirja tootlus t\u00f5usis umbes 4,25 protsendini, samas kui kaheaastase riigiv\u00f5lakirja tootlus p\u00fcsis valdavalt muutumatuna umbes 3,57 protsendi juures.<\/p>\n","protected":false},"excerpt":{"rendered":"USA F\u00f6deraalreserv otsustas kolmap\u00e4eval j\u00e4tta intressim\u00e4\u00e4rad muutmata, kuna keskpanga juhi Jerome Powelli s\u00f5nul on majandus tugev ning inflatsiooni&hellip;\n","protected":false},"author":2,"featured_media":95758,"comment_status":"","ping_status":"","sticky":false,"template":"","format":"standard","meta":{"footnotes":"","_share_on_mastodon":"0"},"categories":[14],"tags":[131,130,37,33,35,34,36,2501,41354,46481,46482],"class_list":["post-95757","post","type-post","status-publish","format-standard","has-post-thumbnail","category-ari","tag-ari","tag-business","tag-ee","tag-eesti","tag-eesti-keel","tag-estonia","tag-estonian","tag-jerome-powell","tag-usa-foderaalreserv","tag-usa-intressimaarad","tag-usa-majanduspoliitika"],"share_on_mastodon":{"url":"https:\/\/pubeurope.com\/@ee\/115976680379340433","error":""},"_links":{"self":[{"href":"https:\/\/www.europesays.com\/ee\/wp-json\/wp\/v2\/posts\/95757","targetHints":{"allow":["GET"]}}],"collection":[{"href":"https:\/\/www.europesays.com\/ee\/wp-json\/wp\/v2\/posts"}],"about":[{"href":"https:\/\/www.europesays.com\/ee\/wp-json\/wp\/v2\/types\/post"}],"author":[{"embeddable":true,"href":"https:\/\/www.europesays.com\/ee\/wp-json\/wp\/v2\/users\/2"}],"replies":[{"embeddable":true,"href":"https:\/\/www.europesays.com\/ee\/wp-json\/wp\/v2\/comments?post=95757"}],"version-history":[{"count":0,"href":"https:\/\/www.europesays.com\/ee\/wp-json\/wp\/v2\/posts\/95757\/revisions"}],"wp:featuredmedia":[{"embeddable":true,"href":"https:\/\/www.europesays.com\/ee\/wp-json\/wp\/v2\/media\/95758"}],"wp:attachment":[{"href":"https:\/\/www.europesays.com\/ee\/wp-json\/wp\/v2\/media?parent=95757"}],"wp:term":[{"taxonomy":"category","embeddable":true,"href":"https:\/\/www.europesays.com\/ee\/wp-json\/wp\/v2\/categories?post=95757"},{"taxonomy":"post_tag","embeddable":true,"href":"https:\/\/www.europesays.com\/ee\/wp-json\/wp\/v2\/tags?post=95757"}],"curies":[{"name":"wp","href":"https:\/\/api.w.org\/{rel}","templated":true}]}}