{"id":95971,"date":"2026-01-29T10:15:07","date_gmt":"2026-01-29T10:15:07","guid":{"rendered":"https:\/\/www.europesays.com\/ee\/95971\/"},"modified":"2026-01-29T10:15:07","modified_gmt":"2026-01-29T10:15:07","slug":"tu-bigbank-tousis-balti-liigas-teiseks-vorkpall","status":"publish","type":"post","link":"https:\/\/www.europesays.com\/ee\/95971\/","title":{"rendered":"T\u00dc\/Bigbank t\u00f5usis Balti liigas teiseks | V\u00f5rkpall"},"content":{"rendered":"<p>Elme Messer v\u00f5rkpalli naiste Balti liigas lisas kolmap\u00e4eval tabelisse kolm v\u00f5idupunkti Tartu \u00dclikool\/Bigbank.<\/p>\n<p>P\u00f5hiturniiri esimeses ringis Tartu \u00dclikool\/Bigbankile 0:3 (19:25, 17:25, 17:25) kaotanud Audentese Spordig\u00fcmnaasium j\u00e4i geimiv\u00f5iduta ka teises omavahelises kohtumises, leppides koduv\u00e4ljakul\u00a00:3 (20:25, 19:25, 13:25)\u00a0kaotusega. V\u00f5\u00f5rustajate poolel kogusid Freia Liisa Palk ja Karmen Tugedam \u00fcheksa punkti. Kairin Tammel ja Ingris Suvi t\u00f5id v\u00f5itjatele 12 ning Nora Lember 10 punkti.<\/p>\n<p>Audentese naiskond j\u00e4i h\u00e4tta tartlannade servidega, kui endale lasti l\u00fc\u00fca 13 \u00e4ssa. Koduv\u00f5istkond servis neli \u00e4ssa. Vigu kogunes seejuures Audentesele 11 ja Tartu naiskonnale kaheksa. R\u00fcnnakuid lahendasid v\u00f5itjad 37-protsendiliselt ja kogusid seitse blokipunkti, Tallinna v\u00f5istkonna r\u00fcnnakuefektiivsus oli 31-protsendiline ja blokis saavutati viis punkti.<\/p>\n<p>Turniiritabelis RSU-st ja eelmise aasta finalistist Kaunas VDU-st m\u00f6\u00f6dunud Tartu \u00dclikool\/Bigbank t\u00f5usis 35 punktiga teiseks, kuid kolmandast kohast enam madalamale ei langeta. Seitsmendal kohal j\u00e4tkav Audentese Spordig\u00fcmnaasium on kogunud 14 punkti.<\/p>\n<p>Laup\u00e4eval kell 17.00 v\u00f5\u00f5rustab Audentese v\u00f5istkond ainsana punktita p\u00fcsivat L\u00e4ti U-18\/RVS v\u00f5istkonda. Tund aega hiljem pannakse pall m\u00e4ngu J\u00fcri spordihoones, kus p\u00f5hiturniiri v\u00f5idu kindlustanud Rae Spordikool\/VIASTON l\u00e4heb vastamisi tabeli kuuenda Riia V\u00f5rkpallikool\/LU-ga.<\/p>\n<p>P\u00fchap\u00e4eval kell 12.00 v\u00f5tab Audentese esindus kodusaalis vastu Riia V\u00f5rkpallikool\/LU ja Rae naiskond L\u00e4ti U-18\/RVS v\u00f5istkonna. P\u00f5hiturniiri viimases m\u00e4ngus selgitavad teise koha omaniku Tartu \u00dclikool\/Bigbank ja turniiritabelis hetkel neljandat kohta hoidev RSU, kohtudes kell 17.00 Tartu \u00dclikooli spordihoones.<\/p>\n","protected":false},"excerpt":{"rendered":"Elme Messer v\u00f5rkpalli naiste Balti liigas lisas kolmap\u00e4eval tabelisse kolm v\u00f5idupunkti Tartu \u00dclikool\/Bigbank. P\u00f5hiturniiri esimeses ringis Tartu \u00dclikool\/Bigbankile&hellip;\n","protected":false},"author":2,"featured_media":64798,"comment_status":"","ping_status":"","sticky":false,"template":"","format":"standard","meta":{"footnotes":""},"categories":[18],"tags":[37,33,35,34,36,159,158,1858,12875],"class_list":{"0":"post-95971","1":"post","2":"type-post","3":"status-publish","4":"format-standard","5":"has-post-thumbnail","7":"category-sport","8":"tag-ee","9":"tag-eesti","10":"tag-eesti-keel","11":"tag-estonia","12":"tag-estonian","13":"tag-sport","14":"tag-sports","15":"tag-tartu-ulikool-bigbank","16":"tag-vorkpalli-naiste-balti-liiga"},"share_on_mastodon":{"url":"https:\/\/pubeurope.com\/@ee\/115977868004452635","error":""},"_links":{"self":[{"href":"https:\/\/www.europesays.com\/ee\/wp-json\/wp\/v2\/posts\/95971","targetHints":{"allow":["GET"]}}],"collection":[{"href":"https:\/\/www.europesays.com\/ee\/wp-json\/wp\/v2\/posts"}],"about":[{"href":"https:\/\/www.europesays.com\/ee\/wp-json\/wp\/v2\/types\/post"}],"author":[{"embeddable":true,"href":"https:\/\/www.europesays.com\/ee\/wp-json\/wp\/v2\/users\/2"}],"replies":[{"embeddable":true,"href":"https:\/\/www.europesays.com\/ee\/wp-json\/wp\/v2\/comments?post=95971"}],"version-history":[{"count":0,"href":"https:\/\/www.europesays.com\/ee\/wp-json\/wp\/v2\/posts\/95971\/revisions"}],"wp:featuredmedia":[{"embeddable":true,"href":"https:\/\/www.europesays.com\/ee\/wp-json\/wp\/v2\/media\/64798"}],"wp:attachment":[{"href":"https:\/\/www.europesays.com\/ee\/wp-json\/wp\/v2\/media?parent=95971"}],"wp:term":[{"taxonomy":"category","embeddable":true,"href":"https:\/\/www.europesays.com\/ee\/wp-json\/wp\/v2\/categories?post=95971"},{"taxonomy":"post_tag","embeddable":true,"href":"https:\/\/www.europesays.com\/ee\/wp-json\/wp\/v2\/tags?post=95971"}],"curies":[{"name":"wp","href":"https:\/\/api.w.org\/{rel}","templated":true}]}}