{"id":96391,"date":"2026-01-29T18:38:06","date_gmt":"2026-01-29T18:38:06","guid":{"rendered":"https:\/\/www.europesays.com\/ee\/96391\/"},"modified":"2026-01-29T18:38:06","modified_gmt":"2026-01-29T18:38:06","slug":"peagi-naaseb-maa-atmosfaari-ebatavaliselt-suur-kosmoseobjekt-mis-voib-hairida-lennuliiklust","status":"publish","type":"post","link":"https:\/\/www.europesays.com\/ee\/96391\/","title":{"rendered":"Peagi naaseb Maa atmosf\u00e4\u00e4ri ebatavaliselt suur kosmoseobjekt, mis v\u00f5ib h\u00e4irida lennuliiklust"},"content":{"rendered":"<p>ELi kosmoseseire ja -j\u00e4lgimis teenuse (EU SST) viimased ennustused n\u00e4itavad, et raketit\u00fckk peaks sisenema Maa atmosf\u00e4\u00e4ri reedel <a rel=\"noopener nofollow\" target=\"_blank\" href=\"https:\/\/www.delfi.ee\/teema\/31122441\/eesti\" tag-id=\"31122441\">Eesti<\/a> aja j\u00e4rgi kell 13.04. T\u00e4pne kellaaeg v\u00f5ib aga umbes 7 tundi varieeruda, kuna t\u00fckk liigub kontrollimatult.<\/p>\n<p>Ennustuste kohaselt kulgeb raketi sisenemistrajektoor \u00fcle Suurbritannia, <a rel=\"noopener nofollow\" target=\"_blank\" href=\"https:\/\/www.delfi.ee\/teema\/23101691\/taani\" tag-id=\"23101691\">Taani<\/a>, L\u00f5una-Skandinaavia ja L\u00e4\u00e4nemere. EU STT m\u00e4rkis, et asukohad, kus raketit\u00fckk v\u00f5ib atmosf\u00e4\u00e4ri siseneda v\u00f5ivad ka veel m\u00e4rkimisv\u00e4\u00e4rselt varieeruda ja selguvad t\u00e4psemalt viimastel tundidel.<\/p>\n<p>Soome meteoroloogiainstituut teatas, et esialgsete hinnangute kohaselt langeksid k\u00f5ik raketit\u00fcki osad, mis maapinnale j\u00f5uaksid, alla Taani ja Balti riikide l\u00f5unaosas, mis v\u00f5ib omakorda h\u00e4irida lennuliiklust.<\/p>\n<p>Instituudi andmetel on kosmosepraht erakordselt suur. Selle hinnanguline mass on umbes 11 tonni ja pikkus 12\u201313 meetrit. Selle teekonda poole j\u00e4lgitakse \u00fcle kogu Maa.<\/p>\n<p>Prahi maandumise t\u00f5en\u00e4osus asustatud alale on statistiliselt v\u00e4ga v\u00e4ike ja k\u00f5ige t\u00f5en\u00e4olisemalt laguneb see ookeani v\u00f5i h\u00f5redalt asustatud ala kohal, \u00fctles kosmoseblogija Karol W\u00f3jcicki <a rel=\"noopener nofollow\" target=\"_blank\" href=\"https:\/\/www.delfi.ee\/teema\/23754953\/poola\" tag-id=\"23754953\">Poola<\/a> v\u00e4ljaande TVP Worldi teatel.<\/p>\n<p>\u201ePaanikaks pole p\u00f5hjust, aga arenguid tasub t\u00e4helepanelikult j\u00e4lgida,\u201c \u00fctles ta, lisades, et eelmisel aastal oli mitu sarnast intsidenti, mis ei kujutanud endast ohtu.<\/p>\n<p>Kuidas see lugu Sind end tundma pani? Saada <a href=\"https:\/\/www.delfi.ee\/artikkel\/120432771\/peagi-naaseb-maa-atmosfaari-ebatavaliselt-suur-kosmoseobjekt-mis-voib-hairida-lennuliiklust\/kommentaarid\" class=\"article-body-bottom__comment article-body-bottom__comment--write button button--primary button--size-auto\" rel=\"nofollow noopener\" target=\"_blank\"> Kommenteeri <\/a><a href=\"https:\/\/www.delfi.ee\/artikkel\/120432771\/peagi-naaseb-maa-atmosfaari-ebatavaliselt-suur-kosmoseobjekt-mis-voib-hairida-lennuliiklust\/kommentaarid\" class=\"article-body-bottom__comment article-body-bottom__comment--read button button--size-auto\" rel=\"nofollow noopener\" target=\"_blank\"> Loe kommentaare (5)<\/a><\/p>\n","protected":false},"excerpt":{"rendered":"ELi kosmoseseire ja -j\u00e4lgimis teenuse (EU SST) viimased ennustused n\u00e4itavad, et raketit\u00fckk peaks sisenema Maa atmosf\u00e4\u00e4ri reedel Eesti&hellip;\n","protected":false},"author":2,"featured_media":96392,"comment_status":"","ping_status":"","sticky":false,"template":"","format":"standard","meta":{"footnotes":"","_share_on_mastodon":"0"},"categories":[14],"tags":[131,130,37,33,35,34,36,326,24431,3904,111,264],"class_list":["post-96391","post","type-post","status-publish","format-standard","has-post-thumbnail","category-ari","tag-ari","tag-business","tag-ee","tag-eesti","tag-eesti-keel","tag-estonia","tag-estonian","tag-hiina","tag-kosmoserakett","tag-maa","tag-poola","tag-taani"],"share_on_mastodon":{"url":"https:\/\/pubeurope.com\/@ee\/115979846035738136","error":""},"_links":{"self":[{"href":"https:\/\/www.europesays.com\/ee\/wp-json\/wp\/v2\/posts\/96391","targetHints":{"allow":["GET"]}}],"collection":[{"href":"https:\/\/www.europesays.com\/ee\/wp-json\/wp\/v2\/posts"}],"about":[{"href":"https:\/\/www.europesays.com\/ee\/wp-json\/wp\/v2\/types\/post"}],"author":[{"embeddable":true,"href":"https:\/\/www.europesays.com\/ee\/wp-json\/wp\/v2\/users\/2"}],"replies":[{"embeddable":true,"href":"https:\/\/www.europesays.com\/ee\/wp-json\/wp\/v2\/comments?post=96391"}],"version-history":[{"count":0,"href":"https:\/\/www.europesays.com\/ee\/wp-json\/wp\/v2\/posts\/96391\/revisions"}],"wp:featuredmedia":[{"embeddable":true,"href":"https:\/\/www.europesays.com\/ee\/wp-json\/wp\/v2\/media\/96392"}],"wp:attachment":[{"href":"https:\/\/www.europesays.com\/ee\/wp-json\/wp\/v2\/media?parent=96391"}],"wp:term":[{"taxonomy":"category","embeddable":true,"href":"https:\/\/www.europesays.com\/ee\/wp-json\/wp\/v2\/categories?post=96391"},{"taxonomy":"post_tag","embeddable":true,"href":"https:\/\/www.europesays.com\/ee\/wp-json\/wp\/v2\/tags?post=96391"}],"curies":[{"name":"wp","href":"https:\/\/api.w.org\/{rel}","templated":true}]}}