{"id":96427,"date":"2026-01-29T19:26:07","date_gmt":"2026-01-29T19:26:07","guid":{"rendered":"https:\/\/www.europesays.com\/ee\/96427\/"},"modified":"2026-01-29T19:26:07","modified_gmt":"2026-01-29T19:26:07","slug":"euroopa-liitu-ootab-peagi-ees-suur-andmelekkekriis-kas-eesti-on-selleks-valmistumas","status":"publish","type":"post","link":"https:\/\/www.europesays.com\/ee\/96427\/","title":{"rendered":"Euroopa Liitu ootab peagi ees suur andmelekkekriis. Kas Eesti on selleks valmistumas?"},"content":{"rendered":"<p>Bild <a rel=\"noopener nofollow\" target=\"_blank\" href=\"https:\/\/www.bild.de\/politik\/inland\/eu-warnt-vor-daten-gau-super-computer-koennen-bald-alle-passwoerter-knacken-6975266bf5499fb954b64baf?t\" data-rel-date-range=\"[]\">kirjutas<\/a>, et Euroopa Komisjon hoiatab enneolematu andmelekkekriisi eest: l\u00e4hima nelja aasta jooksul v\u00f5ivad kvantarvutid muuta praeguse paroolip\u00f5hise kaitse sisuliselt kasutuks. ELi tehnoloogia- ja k\u00fcberturvalisuse eest vastutav asepresident Henna Virkkunen s\u00f5nas, et juba praegu koguvad r\u00fcndajad andmeid hilisemaks lahtimurdmiseks, ning soovitas k\u00f5rge riskiga s\u00fcsteemid viia hiljemalt 2030. aastaks \u00fcle nn post-kvantkr\u00fcptograafiale. Saksa FDP europarlamendisaadik Moritz K\u00f6rner nimetas olukorda \u201ejulgeolekupoliitiliseks superkatastroofiks\u201c, hoiatades, et peagi v\u00f5ivad olla loetavad paroolid, vestlused, pangainfo ja riigiasutuste konfidentsiaalsed andmed.<\/p>\n<p class=\"MsoNormal\">Probleemi t\u00f5sidust illustreerib juhtum, kus avalikust serverist leiti 150 miljonit varastatud kasutajakontot (sh Gmail, Facebook ja valitsusasutused). Ekspertide s\u00f5nul on ainsaks kaitseks kvandikindel kr\u00fcpteerimine ja telekomifirma Telef\u00f3nica kinnitusel testitakse selliseid lahendusi juba praegu. Tarbijatel soovitatakse kiirelt uuendusi paigaldada, kasutada pikki paroole ja kahefaktorilist autentimist, ettev\u00f5tetel aga hakata kohe kvantturvalisusega tegelema.<\/p>\n<p>Oled juba tellija?Logi sisse<\/p>\n<p><a href=\"https:\/\/forte.delfi.ee\/artikkel\/120432728\/euroopa-liitu-ootab-peagi-ees-suur-andmelekkekriis-kas-eesti-on-selleks-valmistumas\/kommentaarid\" class=\"article-body-bottom__comment article-body-bottom__comment--write button button--primary button--size-auto\" rel=\"nofollow noopener\" target=\"_blank\"> Kommenteeri <\/a><a href=\"https:\/\/forte.delfi.ee\/artikkel\/120432728\/euroopa-liitu-ootab-peagi-ees-suur-andmelekkekriis-kas-eesti-on-selleks-valmistumas\/kommentaarid\" class=\"article-body-bottom__comment article-body-bottom__comment--read button button--size-auto\" rel=\"nofollow noopener\" target=\"_blank\"> Loe kommentaare (38)<\/a><\/p>\n","protected":false},"excerpt":{"rendered":"Bild kirjutas, et Euroopa Komisjon hoiatab enneolematu andmelekkekriisi eest: l\u00e4hima nelja aasta jooksul v\u00f5ivad kvantarvutid muuta praeguse paroolip\u00f5hise&hellip;\n","protected":false},"author":2,"featured_media":96428,"comment_status":"","ping_status":"","sticky":false,"template":"","format":"standard","meta":{"footnotes":"","_share_on_mastodon":"0"},"categories":[5],"tags":[8392,26,27,37,33,35,34,36,31,32,21,28,29,19,25,23,24,22,20,30],"class_list":["post-96427","post","type-post","status-publish","format-standard","has-post-thumbnail","category-uldised-uudised","tag-bild","tag-breaking-news","tag-breakingnews","tag-ee","tag-eesti","tag-eesti-keel","tag-estonia","tag-estonian","tag-featured-news","tag-featurednews","tag-headlines","tag-latest-news","tag-latestnews","tag-news","tag-populaarseimad-lood","tag-top-stories","tag-topstories","tag-uldised-uudised","tag-uudised","tag-viimased-uudised"],"share_on_mastodon":{"url":"https:\/\/pubeurope.com\/@ee\/115980034551780872","error":""},"_links":{"self":[{"href":"https:\/\/www.europesays.com\/ee\/wp-json\/wp\/v2\/posts\/96427","targetHints":{"allow":["GET"]}}],"collection":[{"href":"https:\/\/www.europesays.com\/ee\/wp-json\/wp\/v2\/posts"}],"about":[{"href":"https:\/\/www.europesays.com\/ee\/wp-json\/wp\/v2\/types\/post"}],"author":[{"embeddable":true,"href":"https:\/\/www.europesays.com\/ee\/wp-json\/wp\/v2\/users\/2"}],"replies":[{"embeddable":true,"href":"https:\/\/www.europesays.com\/ee\/wp-json\/wp\/v2\/comments?post=96427"}],"version-history":[{"count":0,"href":"https:\/\/www.europesays.com\/ee\/wp-json\/wp\/v2\/posts\/96427\/revisions"}],"wp:featuredmedia":[{"embeddable":true,"href":"https:\/\/www.europesays.com\/ee\/wp-json\/wp\/v2\/media\/96428"}],"wp:attachment":[{"href":"https:\/\/www.europesays.com\/ee\/wp-json\/wp\/v2\/media?parent=96427"}],"wp:term":[{"taxonomy":"category","embeddable":true,"href":"https:\/\/www.europesays.com\/ee\/wp-json\/wp\/v2\/categories?post=96427"},{"taxonomy":"post_tag","embeddable":true,"href":"https:\/\/www.europesays.com\/ee\/wp-json\/wp\/v2\/tags?post=96427"}],"curies":[{"name":"wp","href":"https:\/\/api.w.org\/{rel}","templated":true}]}}