{"id":96548,"date":"2026-01-29T23:07:09","date_gmt":"2026-01-29T23:07:09","guid":{"rendered":"https:\/\/www.europesays.com\/ee\/96548\/"},"modified":"2026-01-29T23:07:09","modified_gmt":"2026-01-29T23:07:09","slug":"venemaa-suusataja-peab-ikkagi-olumpiast-eemale-jaama","status":"publish","type":"post","link":"https:\/\/www.europesays.com\/ee\/96548\/","title":{"rendered":"Venemaa suusataja peab ikkagi ol\u00fcmpiast eemale j\u00e4\u00e4ma"},"content":{"rendered":"<p>Venemaa relvaj\u00f5udude kapten Bol\u0161unov esitas 28. jaanuaril avalduse, milles taotles osalemist Milano Cortina taliol\u00fcmpiam\u00e4ngudel individuaalse neutraalse sportlasena. Ta vaidlustas FISi neutraalse sportlase sobivuse l\u00e4bivaatamise komisjoni 24. detsembri otsuse, millega l\u00fckati tagasi tema taotlus neutraalse sportlase staatuse saamiseks.<\/p>\n","protected":false},"excerpt":{"rendered":"Venemaa relvaj\u00f5udude kapten Bol\u0161unov esitas 28. jaanuaril avalduse, milles taotles osalemist Milano Cortina taliol\u00fcmpiam\u00e4ngudel individuaalse neutraalse sportlasena. Ta&hellip;\n","protected":false},"author":2,"featured_media":96549,"comment_status":"","ping_status":"","sticky":false,"template":"","format":"standard","meta":{"footnotes":"","_share_on_mastodon":"0"},"categories":[18],"tags":[46820,17126,37,33,35,34,36,3710,4916,16902,159,158,46821],"class_list":["post-96548","post","type-post","status-publish","format-standard","has-post-thumbnail","category-sport","tag-bolsunov","tag-cas","tag-ee","tag-eesti","tag-eesti-keel","tag-estonia","tag-estonian","tag-fis","tag-milano-cortina","tag-rahvusvaheline-spordikohus","tag-sport","tag-sports","tag-talimangud"],"share_on_mastodon":{"url":"https:\/\/pubeurope.com\/@ee\/115980903541893920","error":""},"_links":{"self":[{"href":"https:\/\/www.europesays.com\/ee\/wp-json\/wp\/v2\/posts\/96548","targetHints":{"allow":["GET"]}}],"collection":[{"href":"https:\/\/www.europesays.com\/ee\/wp-json\/wp\/v2\/posts"}],"about":[{"href":"https:\/\/www.europesays.com\/ee\/wp-json\/wp\/v2\/types\/post"}],"author":[{"embeddable":true,"href":"https:\/\/www.europesays.com\/ee\/wp-json\/wp\/v2\/users\/2"}],"replies":[{"embeddable":true,"href":"https:\/\/www.europesays.com\/ee\/wp-json\/wp\/v2\/comments?post=96548"}],"version-history":[{"count":0,"href":"https:\/\/www.europesays.com\/ee\/wp-json\/wp\/v2\/posts\/96548\/revisions"}],"wp:featuredmedia":[{"embeddable":true,"href":"https:\/\/www.europesays.com\/ee\/wp-json\/wp\/v2\/media\/96549"}],"wp:attachment":[{"href":"https:\/\/www.europesays.com\/ee\/wp-json\/wp\/v2\/media?parent=96548"}],"wp:term":[{"taxonomy":"category","embeddable":true,"href":"https:\/\/www.europesays.com\/ee\/wp-json\/wp\/v2\/categories?post=96548"},{"taxonomy":"post_tag","embeddable":true,"href":"https:\/\/www.europesays.com\/ee\/wp-json\/wp\/v2\/tags?post=96548"}],"curies":[{"name":"wp","href":"https:\/\/api.w.org\/{rel}","templated":true}]}}