{"id":96675,"date":"2026-01-30T06:49:21","date_gmt":"2026-01-30T06:49:21","guid":{"rendered":"https:\/\/www.europesays.com\/ee\/96675\/"},"modified":"2026-01-30T06:49:21","modified_gmt":"2026-01-30T06:49:21","slug":"adjoo-adidas-kalju-solmis-pika-lepingu-brandiga-kes-aitab-hiiut-uuendada-tehva-tahame-lahendada-kolm-murekohta-soccernet-ee","status":"publish","type":"post","link":"https:\/\/www.europesays.com\/ee\/96675\/","title":{"rendered":"Adj\u00f6\u00f6, Adidas! Kalju s\u00f5lmis pika lepingu br\u00e4ndiga, kes aitab Hiiut uuendada (Tehva: tahame lahendada kolm murekohta) &#8211; Soccernet.ee"},"content":{"rendered":"<p><img decoding=\"async\" src=\"https:\/\/www.europesays.com\/ee\/wp-content\/uploads\/2026\/01\/1769687054.jpg\" alt=\"N\u00f5mme Kalju j\u00e4ttis Adidasega h\u00fcvasti. Foto: Liisi Troska \/ jalgpall.ee\"\/>&#13;\n<\/p>\n<p>Kahekordne Eesti meisterklubi N\u00f5mme Kalju teatas suurest muutusest, kui j\u00e4rgmised seitsme aastat on klubi tehniliseks partneriks Itaalia spordir\u00f5ivaste br\u00e4nd Macron.<\/p>\n<p>\u00dchtlasi l\u00f5ppeb Kalju jaoks pikaaegne koost\u00f6\u00f6 Adidasega, kelle r\u00fc\u00fcs v\u00f5ideti kaks Eesti meistritiitlit (2012 ja 2018), kaks Evald Tipneri karikat (2015 ja 2025) ja \u00fcks superkarikas (2019). Macron asub klubi v\u00f5istkondadele tarnima m\u00e4nguvarustust, treening- ja reisiriietust ning aksessuaare.&#13;\n<\/p>\n<p>Kuidas sai koost\u00f6\u00f6 Kalju ja Macroni vahel alguse? &#8220;2025. aasta suvel olin Plzeni Viktoria delegatsiooni liige, kui k\u00fclastasime Bolognas Macroni peakontorit, kus pidasime l\u00e4bir\u00e4\u00e4kimisi nende uue koost\u00f6\u00f6lepingu osas ning samal ajal disainisime ka meeskonnale uusi v\u00f5istlusvorme,&#8221; selgitas Tehva Soccernet.ee-le.&#13;\n<\/p>\n<p>Ta lisas: &#8220;Ei ole saladus, et olen Eestis seotud Adidase edasim\u00fc\u00fcgiga tegeleva ettev\u00f5ttega ning Kalju on olnud aastaid selle firma klubi. Samas uued v\u00f5imalused koost\u00f6\u00f6ks Macroniga ning juba toimiv v\u00e4ga hea koost\u00f6\u00f6 T\u0161ehhis l\u00f5id eelduse, et alustada koost\u00f6\u00f6d ka Kalju ja Macroni vahel.&#8221;<\/p>\n<p>Euroopa jalgpalliklubide liidu ehk EFC liige olev Tehva \u00fctles, et Macroni puhul oli v\u00e4ga oluliseks faktoriks tagasiside, mille ta sai teistelt organisatsioonidelt. &#8220;See on olnud v\u00e4ga positiivne,&#8221; kiitis Tehva, kelle s\u00f5nul n\u00e4gi Macron Eestis Kalju n\u00e4ol potentsiaali.&#13;\n<\/p>\n<p>&#8220;Neil on juba hea kogemus Viktoriaga ning meie juures n\u00e4hakse sarnast t\u00f6\u00f6eetikat ja ambitsiooni. Olen alati uskunud, et iga eduka projekti taga on inimesed. Arvan, et just seda inimeste ja visiooni potentsiaali n\u00e4hti ka Itaalia peakontoris. Meie \u00fclesanne on n\u00fc\u00fcd oma t\u00f6\u00f6ga nende ootustele vastata. Parem varustus aitab t\u00f5sta sooritustaset nii professionaalsel tasemel kui ka noorte v\u00f5istkondades,&#8221; usub Tehva.&#13;\n<\/p>\n<p>Sarnaselt Kaljule kannab Premium liigas Macroni varustust 11-kordne Eesti t\u0161empion Tallinna Levadia.&#13;\n<\/p>\n<p>Ka Hiiu staadion saab uue kuue&#13;\n<\/p>\n<p>Tehva r\u00e4\u00e4kis, et omavahelistes vestlustes Macroniga j\u00f5uti j\u00e4reldusele, et Eestis on vaja arendada meeskonnaspordi, f\u00e4nnitoodete ja klubikultuuri tervikut. Selleks soovitakse tuua Euroopa taseme lahendusi kodukamarale. Nendest \u00fcks valmib uue toetaja abiga sel aastal Hiiu staadionil, kus avatakse Macron Lounge &amp; Fan Shop, millega tahetakse parandada Premium liiga m\u00e4ngup\u00e4eva kogemust, tuues r\u00f5ivabr\u00e4ndi klubi liikmetele ja f\u00e4nnidele l\u00e4hemale.<\/p>\n<p>Lisaks sellele on Kalju peaeesm\u00e4rk N\u00f5mme 100. juubeliaasta puhul lahendada kodustaadionil kolm suurt murekohta. &#8220;Kaasaegne trib\u00fc\u00fcn ja valgustus v\u00f5imaldaksid paremini l\u00e4bi viia noorte treeninguid ning m\u00e4ngida Premium liiga m\u00e4nge jalgpalli jaoks loogilistel aegadel. Staadionihoone vajab samuti uuendamist. Teeme nende osas konstruktiivset koost\u00f6\u00f6d Eesti Jalgpalli Liidu ja Tallinna linnaga.&#13;\n<\/p>\n<p>Klubi on tellinud eskiisprojekti ning soovib l\u00e4hiaastatel rajada uue hoone. Loodame siiralt, et trib\u00fc\u00fcn ja valgustus saavad olema juba selle aasta teema. Teeme omalt poolt selleks k\u00f5ik ja oleme valmis klubile eraldatud rahast seda projekti ka toetama, summa on ligemale 100 000 eurot,&#8221; teatas Tehva, kes unistab, et Kalju saaks eurom\u00e4nge pidada Hiiul.&#13;\n<\/p>\n<p>&#8220;Meie f\u00e4nnid ja kogukond v\u00e4\u00e4rivad, et Kalju jaoks t\u00e4htsad kodum\u00e4ngud toimuksid N\u00f5mmel. Loodame, et ka meie partnerid jagavad seda ambitsiooni. See on t\u00e4htis Eesti jalgpalli jaoks tervikuna!&#8221;&#13;\n<\/p>\n<p>Kaljust, Hiiust ja muust p\u00f5nevast r\u00e4\u00e4kis Tehva hiljuti ka &#8220;\u00dcks \u00fchele&#8221; taskuh\u00e4\u00e4lingusaates:&#13;\n<\/p>\n<p>&#13;<\/p>\n","protected":false},"excerpt":{"rendered":"&#13; Kahekordne Eesti meisterklubi N\u00f5mme Kalju teatas suurest muutusest, kui j\u00e4rgmised seitsme aastat on klubi tehniliseks partneriks Itaalia&hellip;\n","protected":false},"author":2,"featured_media":96676,"comment_status":"","ping_status":"","sticky":false,"template":"","format":"standard","meta":{"footnotes":"","_share_on_mastodon":"0"},"categories":[18],"tags":[46857,37,33,35,34,36,1357,17703,24857,1359,167,159,158,17704],"class_list":["post-96675","post","type-post","status-publish","format-standard","has-post-thumbnail","category-sport","tag-adidas","tag-ee","tag-eesti","tag-eesti-keel","tag-estonia","tag-estonian","tag-kalju","tag-kuno-tehva","tag-macron","tag-nomme-kalju","tag-premium-liiga","tag-sport","tag-sports","tag-tehva"],"share_on_mastodon":{"url":"https:\/\/pubeurope.com\/@ee\/115982720247416949","error":""},"_links":{"self":[{"href":"https:\/\/www.europesays.com\/ee\/wp-json\/wp\/v2\/posts\/96675","targetHints":{"allow":["GET"]}}],"collection":[{"href":"https:\/\/www.europesays.com\/ee\/wp-json\/wp\/v2\/posts"}],"about":[{"href":"https:\/\/www.europesays.com\/ee\/wp-json\/wp\/v2\/types\/post"}],"author":[{"embeddable":true,"href":"https:\/\/www.europesays.com\/ee\/wp-json\/wp\/v2\/users\/2"}],"replies":[{"embeddable":true,"href":"https:\/\/www.europesays.com\/ee\/wp-json\/wp\/v2\/comments?post=96675"}],"version-history":[{"count":0,"href":"https:\/\/www.europesays.com\/ee\/wp-json\/wp\/v2\/posts\/96675\/revisions"}],"wp:featuredmedia":[{"embeddable":true,"href":"https:\/\/www.europesays.com\/ee\/wp-json\/wp\/v2\/media\/96676"}],"wp:attachment":[{"href":"https:\/\/www.europesays.com\/ee\/wp-json\/wp\/v2\/media?parent=96675"}],"wp:term":[{"taxonomy":"category","embeddable":true,"href":"https:\/\/www.europesays.com\/ee\/wp-json\/wp\/v2\/categories?post=96675"},{"taxonomy":"post_tag","embeddable":true,"href":"https:\/\/www.europesays.com\/ee\/wp-json\/wp\/v2\/tags?post=96675"}],"curies":[{"name":"wp","href":"https:\/\/api.w.org\/{rel}","templated":true}]}}