{"id":96729,"date":"2026-01-30T07:59:16","date_gmt":"2026-01-30T07:59:16","guid":{"rendered":"https:\/\/www.europesays.com\/ee\/96729\/"},"modified":"2026-01-30T07:59:16","modified_gmt":"2026-01-30T07:59:16","slug":"parnu-lasteaedade-keskkook-on-inspektorite-luubi-all-parnu-postimees-ee","status":"publish","type":"post","link":"https:\/\/www.europesays.com\/ee\/96729\/","title":{"rendered":"P\u00e4rnu lasteaedade keskk\u00f6\u00f6k on inspektorite luubi all &#8211; parnu.postimees.ee"},"content":{"rendered":"<ol>\n<li><a href=\"https:\/\/news.google.com\/rss\/articles\/CBMikAFBVV95cUxNVFIzT3NmWUV2SFdBd2pTSExpdXBVT0tMTVVHMWhjdUFJLVRaMmloem5PLUJidzNYNnItc1MyZUpOQklXOWN0U1FCQkJZRGVtS2dVRE9IcWlHQWtveXRDWlVaSktGbnpXQmJvc2ZHSWVuX2FvNjJyYlNOMEMzMFYzam9RZE1KbFF3M0diNTNnUEs?oc=5\" target=\"_blank\" rel=\"nofollow noopener\">P\u00e4rnu lasteaedade keskk\u00f6\u00f6k on inspektorite luubi all<\/a>&nbsp;&nbsp;parnu.postimees.ee<\/li>\n<li><a href=\"https:\/\/news.google.com\/rss\/articles\/CBMitwFBVV95cUxPTWtqS0ZMRkNJbThjV21NaGgxaFZBVHVaZDcyUGZlaXl6Vjc3ZEszMDdPOXQ4LUdaakRTTXBSbXhETGF0Sk5wQi11ZU95bmFuZXlwdHdfaGptWlNaaDJKbnhVemFTS0gxRWhhbFo1QzZYYzVaOURvalB0UnZLU2JTOUhlRkpkNDEtazh3UHBNNXpLZHdXTW00MWRYWUNWSmN3RFFpT3R5alEtX042elJwUHdBUHY2dXc?oc=5\" target=\"_blank\" rel=\"nofollow noopener\">J\u00c4RELVAADATAV \u27e9 P\u00e4rnu linnavolikogu ei j\u00f5udnudki lasteaedade toitlustuse k\u00fcsimuseni<\/a>&nbsp;&nbsp;parnu.postimees.ee<\/li>\n<li><a href=\"https:\/\/news.google.com\/rss\/articles\/CBMivAFBVV95cUxNU2ZPdVJfd2xhcWs2cUNCZ193WXIyZUtZcEV4SVM5X2Q1aXRTZVI5TjkyMFVmRlo0Z3FlOFFyTkpRVXFZZjRtU2pkZFdpZi1fSFdVMGd4MVQ0NV9rVzhuOVZmVThYQmItNTlpQ0pwNncxVHFlOFpLYVZIS3VRaFppeERhaUFBLVpUNjZUS1VVdnlMYU9PMWJ0bzM1ejkzaV85azhUTi13WjRuY004ellXUnRoRHVCLWNJNmUtdQ?oc=5\" target=\"_blank\" rel=\"nofollow noopener\">Lasteaedade toitlustaja p\u00fc\u00fcdis kriitikalaviini peatada ja \u00e4hvardas lisak\u00f6\u00f6gid sulgeda<\/a>&nbsp;&nbsp;parnu.postimees.ee<\/li>\n<li><a href=\"https:\/\/news.google.com\/rss\/articles\/CBMi4gFBVV95cUxPY3dXLXNsUnZMdHpvWWpFMTdTeW5MWGwtVEEtOG9aTTd3ZmoxSENFWHRtX20zY19fZFhZeUt1eHBmMWNyNnVBN3otR2l3VlNLMXM1RDBqdWFoX3BrUVdRN0V0WGhpNFZRbUdGLUZtNDJvQjhuUjFzeTNxU0lfMUVsbVEzb1FzTFJKdTJRQjg5QzhZMkkxeGV3NVhveXNWUHpoUEtONXlrenhzRnByUEpGWXdHZUo5WTJTclJQNUVFNHIzejdBTV9hRmZXQUwwWmRQRllTa1U3S0tRWGdRNWFQM3hR?oc=5\" target=\"_blank\" rel=\"nofollow noopener\">Kas P\u00e4rnu v\u00f5imuliit n\u00e4itab neilt \u00abkaaperdatud\u00bb eeln\u00f5ule lasteaedade toitlustushange p\u00e4evapealt l\u00f5petada punast tuld?<\/a>&nbsp;&nbsp;parnu.postimees.ee<\/li>\n<\/ol>\n","protected":false},"excerpt":{"rendered":"P\u00e4rnu lasteaedade keskk\u00f6\u00f6k on inspektorite luubi all&nbsp;&nbsp;parnu.postimees.ee J\u00c4RELVAADATAV \u27e9 P\u00e4rnu linnavolikogu ei j\u00f5udnudki lasteaedade toitlustuse k\u00fcsimuseni&nbsp;&nbsp;parnu.postimees.ee Lasteaedade toitlustaja&hellip;\n","protected":false},"author":2,"featured_media":96730,"comment_status":"","ping_status":"","sticky":false,"template":"","format":"standard","meta":{"footnotes":"","_share_on_mastodon":"0"},"categories":[5],"tags":[19823,26,27,37,33,35,34,36,31,32,21,28,29,19,46873,25,46874,31365,23,24,22,20,30],"class_list":["post-96729","post","type-post","status-publish","format-standard","has-post-thumbnail","category-uldised-uudised","tag-baltic-restaurants-estonia","tag-breaking-news","tag-breakingnews","tag-ee","tag-eesti","tag-eesti-keel","tag-estonia","tag-estonian","tag-featured-news","tag-featurednews","tag-headlines","tag-latest-news","tag-latestnews","tag-news","tag-parnu-lasteaedade-toitlustamine","tag-populaarseimad-lood","tag-pta-jarelevalve","tag-toiduohutus","tag-top-stories","tag-topstories","tag-uldised-uudised","tag-uudised","tag-viimased-uudised"],"share_on_mastodon":{"url":"https:\/\/pubeurope.com\/@ee\/115982995553687537","error":""},"_links":{"self":[{"href":"https:\/\/www.europesays.com\/ee\/wp-json\/wp\/v2\/posts\/96729","targetHints":{"allow":["GET"]}}],"collection":[{"href":"https:\/\/www.europesays.com\/ee\/wp-json\/wp\/v2\/posts"}],"about":[{"href":"https:\/\/www.europesays.com\/ee\/wp-json\/wp\/v2\/types\/post"}],"author":[{"embeddable":true,"href":"https:\/\/www.europesays.com\/ee\/wp-json\/wp\/v2\/users\/2"}],"replies":[{"embeddable":true,"href":"https:\/\/www.europesays.com\/ee\/wp-json\/wp\/v2\/comments?post=96729"}],"version-history":[{"count":0,"href":"https:\/\/www.europesays.com\/ee\/wp-json\/wp\/v2\/posts\/96729\/revisions"}],"wp:featuredmedia":[{"embeddable":true,"href":"https:\/\/www.europesays.com\/ee\/wp-json\/wp\/v2\/media\/96730"}],"wp:attachment":[{"href":"https:\/\/www.europesays.com\/ee\/wp-json\/wp\/v2\/media?parent=96729"}],"wp:term":[{"taxonomy":"category","embeddable":true,"href":"https:\/\/www.europesays.com\/ee\/wp-json\/wp\/v2\/categories?post=96729"},{"taxonomy":"post_tag","embeddable":true,"href":"https:\/\/www.europesays.com\/ee\/wp-json\/wp\/v2\/tags?post=96729"}],"curies":[{"name":"wp","href":"https:\/\/api.w.org\/{rel}","templated":true}]}}