{"id":96884,"date":"2026-01-30T10:33:07","date_gmt":"2026-01-30T10:33:07","guid":{"rendered":"https:\/\/www.europesays.com\/ee\/96884\/"},"modified":"2026-01-30T10:33:07","modified_gmt":"2026-01-30T10:33:07","slug":"eepiline-tenniselahing-melbourneis-kolmandas-setis-vaevu-liikuda-saanud-carlos-alcaraz-voitis-austraalia-lahtiste-ajaloo-pikima-poolfinaali","status":"publish","type":"post","link":"https:\/\/www.europesays.com\/ee\/96884\/","title":{"rendered":"Eepiline tenniselahing Melbourne\u2019is: kolmandas setis vaevu liikuda saanud Carlos Alcaraz v\u00f5itis Austraalia lahtiste ajaloo pikima poolfinaali"},"content":{"rendered":"<p>Maailma esireket Carlos Alcaraz alistas sakslase Alexander Zverevi (<a rel=\"noopener nofollow\" target=\"_blank\" href=\"https:\/\/www.delfi.ee\/teema\/56814488\/atp\" tag-id=\"56814488\">ATP<\/a> 3.) viis tundi ja 27 minutit kestnud p\u00f5nevuslahingus 6:4, 7:6 (5), 6:7 (3), 6:7 (4), 7:5.<\/p>\n<p>Kohtumise avasetis n\u00e4hti \u00fchte servimurret, mille tegi Alcaraz \u00fcheksandas geimis. Teist setti asus murdega omakorda juhtima Zverev, kuid Alcaraz suutis 2:5 kaotusseisust v\u00e4lja tulla ning seti v\u00f5itja otsustanud kiire l\u00f5ppm\u00e4ngu 7:5 enda kasuks kallutada.<\/p>\n<p>Alcaraz ei n\u00e4idanud v\u00e4simusi m\u00e4rke kuni kolmanda seti keskpaigani, kuid siis hakkasid teda seisul 4:4 kimbutama krambid, mis l\u00e4ksid nii tugevaks, et hispaanlasel oli v\u00e4ljakul raskusi isegi paari kiirema sammu tegemisega. Sett l\u00e4ks kiiresse l\u00f5ppm\u00e4ngu, mille v\u00f5itis Zverev veenvalt 7:3.<\/p>\n<p>Neljandas setis suutis Alcaraz end pisut koguda, kuid endiselt oli tema v\u00e4ljakul liikumine tugevalt h\u00e4iritud. Alcaraz suutis vaatamata krampidele neljandas setis k\u00f5ik oma servigeimid hoida, nagu ka Zverev, mistap selgitas seti v\u00f5itja taas kiire l\u00f5ppm\u00e4ng. Zverev kallutas selle enda kasuks 7:4.<\/p>\n<p>Zverev alustas viiendat setti kiire servimurdega, mida ta suutis kaitsta kuni seisuni 5:4. Vahepeal oli Alcaraz aga leidnud uue hingemise, tugevad krambid olid kadunud ning hea t\u00f5rjegeimi toel viigistas ta seisu 5:5-le. Zverev v\u00f5itis enda pallingul mat\u0161iv\u00f5idule servides vaid \u00fche punkti. J\u00e4rgnenud servigeimi hoidis Alcaraz kindlalt ning kuigi Zverevil oli enda pallingul geimpall, et sett kiiresse l\u00f5ppm\u00e4ngu viia, t\u00f5mbas pikema \u00f5lek\u00f5rre oodatult hispaanlane, kes kasutas \u00e4ra oma esimese mat\u0161palli.<\/p>\n<p><img decoding=\"async\" src=\"https:\/\/www.europesays.com\/ee\/wp-content\/uploads\/2026\/01\/021996a6-f5d6-45a1-9089-d677c494266b.jpg\" loading=\"lazy\" alt=\"Carlos Alcaraz - Alexander Zverev poolfinaali statistika.\"\/><\/p>\n<p>Alcarazi ja Zverevi vaheline lahing t\u00e4histas Austraalia lahtiste ajaloo k\u00f5ige pikemat poolfinaalis. Turniiri k\u00f5ige pikemat m\u00e4ngu n\u00e4hti Melbourne\u00b4is 2012. aastal, kui <a rel=\"noopener nofollow\" target=\"_blank\" href=\"https:\/\/www.delfi.ee\/teema\/56497894\/novak-djokovic\" tag-id=\"56497894\">Novak Djokovic<\/a> alistas viis tundi ja 53 minutit kestnud finaalis Rafael Nadali. <\/p>\n<p>\u201eUskudes, kogu aeg uskudes,\u201c vastas Alcaraz m\u00e4nguj\u00e4rgses intervjuus k\u00fcsimusele, kuidas ta f\u00fc\u00fcsiliselt \u00fclimalt n\u00f5udliku mat\u0161i enda kasuks kallutas. \u201e\u00dctlen endale alati, et pean endasse uskuma, vahet pole, milline on olukord. Mul oli kolmanda seti keskel raskusi. See oli f\u00fc\u00fcsiliselt \u00fcks k\u00f5ige keerulisemaid mat\u0161e, mis mul on terve karj\u00e4\u00e4ri jooksul olnud.\u201c<\/p>\n<p>\u201eMul on varemgi selliseid mat\u0161e olnud ja teadsin, mida tegema pean. Teadsin, et pean m\u00e4ngima s\u00fcdamega. Ma tegin seda ja v\u00f5itlesin kuni viimase pallini. Olen \u00e4\u00e4rmiselt uhke selle \u00fcle, kuidas ma viiendas setis end m\u00e4ngu tagasi v\u00f5itlesin,\u201c lisas hispaanlane.<\/p>\n<p>P\u00fchap\u00e4evases finaalis l\u00e4heb Alcaraz vastamisi kas Jannik Sinneri (ATP 2.) v\u00f5i Novak Djokoviciga (ATP 4.).<\/p>\n<p>Kuidas see lugu Sind end tundma pani? Saada <a href=\"https:\/\/sport.delfi.ee\/artikkel\/120432864\/eepiline-tenniselahing-melbourne-is-kolmandas-setis-vaevu-liikuda-saanud-carlos-alcaraz-voitis-austraalia-lahtiste-ajaloo-pikima-poolfinaali\/kommentaarid\" class=\"article-body-bottom__comment article-body-bottom__comment--write button button--primary button--size-auto\" rel=\"nofollow noopener\" target=\"_blank\"> Kommenteeri <\/a><a href=\"https:\/\/sport.delfi.ee\/artikkel\/120432864\/eepiline-tenniselahing-melbourne-is-kolmandas-setis-vaevu-liikuda-saanud-carlos-alcaraz-voitis-austraalia-lahtiste-ajaloo-pikima-poolfinaali\/kommentaarid\" class=\"article-body-bottom__comment article-body-bottom__comment--read button button--size-auto\" rel=\"nofollow noopener\" target=\"_blank\"> Loe kommentaare (2)<\/a><\/p>\n","protected":false},"excerpt":{"rendered":"Maailma esireket Carlos Alcaraz alistas sakslase Alexander Zverevi (ATP 3.) viis tundi ja 27 minutit kestnud p\u00f5nevuslahingus 6:4,&hellip;\n","protected":false},"author":2,"featured_media":96885,"comment_status":"","ping_status":"","sticky":false,"template":"","format":"standard","meta":{"footnotes":"","_share_on_mastodon":"0"},"categories":[5],"tags":[2429,1553,26,27,3863,37,33,35,34,36,31,32,21,110,28,29,19,2787,25,23,24,22,20,30],"class_list":["post-96884","post","type-post","status-publish","format-standard","has-post-thumbnail","category-uldised-uudised","tag-atp","tag-austraalia","tag-breaking-news","tag-breakingnews","tag-carlos-alcaraz","tag-ee","tag-eesti","tag-eesti-keel","tag-estonia","tag-estonian","tag-featured-news","tag-featurednews","tag-headlines","tag-hispaania","tag-latest-news","tag-latestnews","tag-news","tag-novak-djokovic","tag-populaarseimad-lood","tag-top-stories","tag-topstories","tag-uldised-uudised","tag-uudised","tag-viimased-uudised"],"share_on_mastodon":{"url":"https:\/\/pubeurope.com\/@ee\/115983601050488307","error":""},"_links":{"self":[{"href":"https:\/\/www.europesays.com\/ee\/wp-json\/wp\/v2\/posts\/96884","targetHints":{"allow":["GET"]}}],"collection":[{"href":"https:\/\/www.europesays.com\/ee\/wp-json\/wp\/v2\/posts"}],"about":[{"href":"https:\/\/www.europesays.com\/ee\/wp-json\/wp\/v2\/types\/post"}],"author":[{"embeddable":true,"href":"https:\/\/www.europesays.com\/ee\/wp-json\/wp\/v2\/users\/2"}],"replies":[{"embeddable":true,"href":"https:\/\/www.europesays.com\/ee\/wp-json\/wp\/v2\/comments?post=96884"}],"version-history":[{"count":0,"href":"https:\/\/www.europesays.com\/ee\/wp-json\/wp\/v2\/posts\/96884\/revisions"}],"wp:featuredmedia":[{"embeddable":true,"href":"https:\/\/www.europesays.com\/ee\/wp-json\/wp\/v2\/media\/96885"}],"wp:attachment":[{"href":"https:\/\/www.europesays.com\/ee\/wp-json\/wp\/v2\/media?parent=96884"}],"wp:term":[{"taxonomy":"category","embeddable":true,"href":"https:\/\/www.europesays.com\/ee\/wp-json\/wp\/v2\/categories?post=96884"},{"taxonomy":"post_tag","embeddable":true,"href":"https:\/\/www.europesays.com\/ee\/wp-json\/wp\/v2\/tags?post=96884"}],"curies":[{"name":"wp","href":"https:\/\/api.w.org\/{rel}","templated":true}]}}