{"id":96929,"date":"2026-01-30T11:23:07","date_gmt":"2026-01-30T11:23:07","guid":{"rendered":"https:\/\/www.europesays.com\/ee\/96929\/"},"modified":"2026-01-30T11:23:07","modified_gmt":"2026-01-30T11:23:07","slug":"ta-ei-ole-selline-nagu-raagitakse","status":"publish","type":"post","link":"https:\/\/www.europesays.com\/ee\/96929\/","title":{"rendered":"\u00abTa ei ole selline, nagu r\u00e4\u00e4gitakse\u00bb"},"content":{"rendered":"<p>Bailey, kes on varem t\u00f6\u00f6tanud selliste staaridega, nagu Oprah Winfrey, Mariah Carey ja Michael Douglas, kirjeldas Brooklyni kui \u00abs\u00fcdamlikku ja lahket noormeest\u00bb ning m\u00e4rkis, et ei m\u00e4rganud tol ajal mingit pinget tema ja vanemate, Lady Victoria ning Sir David Beckhami, vahel. Ta kaitses ka Nicola Peltzi, \u00f6eldes, et ei leidnud kunagi, et 31-aastane n\u00e4itlejanna oleks olnud \u00abt\u00fclikas\u00bb v\u00f5i kamandav, nagu on viimastel n\u00e4dalatel v\u00e4idetud.<\/p>\n","protected":false},"excerpt":{"rendered":"Bailey, kes on varem t\u00f6\u00f6tanud selliste staaridega, nagu Oprah Winfrey, Mariah Carey ja Michael Douglas, kirjeldas Brooklyni kui&hellip;\n","protected":false},"author":2,"featured_media":96930,"comment_status":"","ping_status":"","sticky":false,"template":"","format":"standard","meta":{"footnotes":"","_share_on_mastodon":"0"},"categories":[16],"tags":[8541,37,33,35,173,34,36,140,44165,9174,46934,1562],"class_list":["post-96929","post","type-post","status-publish","format-standard","has-post-thumbnail","category-meelelahutus","tag-brooklyn-beckham","tag-ee","tag-eesti","tag-eesti-keel","tag-entertainment","tag-estonia","tag-estonian","tag-meelelahutus","tag-nicola-peltz","tag-paris","tag-sir-david-beckham","tag-victoria-beckham"],"share_on_mastodon":{"url":"https:\/\/pubeurope.com\/@ee\/115983797720121948","error":""},"_links":{"self":[{"href":"https:\/\/www.europesays.com\/ee\/wp-json\/wp\/v2\/posts\/96929","targetHints":{"allow":["GET"]}}],"collection":[{"href":"https:\/\/www.europesays.com\/ee\/wp-json\/wp\/v2\/posts"}],"about":[{"href":"https:\/\/www.europesays.com\/ee\/wp-json\/wp\/v2\/types\/post"}],"author":[{"embeddable":true,"href":"https:\/\/www.europesays.com\/ee\/wp-json\/wp\/v2\/users\/2"}],"replies":[{"embeddable":true,"href":"https:\/\/www.europesays.com\/ee\/wp-json\/wp\/v2\/comments?post=96929"}],"version-history":[{"count":0,"href":"https:\/\/www.europesays.com\/ee\/wp-json\/wp\/v2\/posts\/96929\/revisions"}],"wp:featuredmedia":[{"embeddable":true,"href":"https:\/\/www.europesays.com\/ee\/wp-json\/wp\/v2\/media\/96930"}],"wp:attachment":[{"href":"https:\/\/www.europesays.com\/ee\/wp-json\/wp\/v2\/media?parent=96929"}],"wp:term":[{"taxonomy":"category","embeddable":true,"href":"https:\/\/www.europesays.com\/ee\/wp-json\/wp\/v2\/categories?post=96929"},{"taxonomy":"post_tag","embeddable":true,"href":"https:\/\/www.europesays.com\/ee\/wp-json\/wp\/v2\/tags?post=96929"}],"curies":[{"name":"wp","href":"https:\/\/api.w.org\/{rel}","templated":true}]}}