{"id":97007,"date":"2026-01-30T12:41:28","date_gmt":"2026-01-30T12:41:28","guid":{"rendered":"https:\/\/www.europesays.com\/ee\/97007\/"},"modified":"2026-01-30T12:41:28","modified_gmt":"2026-01-30T12:41:28","slug":"kristjan-ilves-tegi-mk-etapi-eelvoistlusel-taas-hea-huppe-postimees-sport","status":"publish","type":"post","link":"https:\/\/www.europesays.com\/ee\/97007\/","title":{"rendered":"Kristjan Ilves tegi MK-etapi eelv\u00f5istlusel taas hea h\u00fcppe &#8211; Postimees Sport"},"content":{"rendered":"<ol>\n<li><a href=\"https:\/\/news.google.com\/rss\/articles\/CBMilwFBVV95cUxOekRHZGNURkNpVjc4SHhRNGlMcWZpTFV3QmdlWTR1c2YtOHFiS0h1Z19lcm9VeXpfUUJZODBMamhHZTNnNjNfRlhKQ25sYmw0cFVaZWxVOEpGWDhxejI2VVBGYlRwajdOcFhtSGc5M3JVWng1UDFUMFdDV2xQdzA2TU9Td2tJYTlSbDlxaW1QeEdpNk9nYWJN?oc=5\" target=\"_blank\" rel=\"nofollow noopener\">Kristjan Ilves tegi MK-etapi eelv\u00f5istlusel taas hea h\u00fcppe<\/a>&nbsp;&nbsp;Postimees Sport<\/li>\n<li><a href=\"https:\/\/news.google.com\/rss\/articles\/CBMihAFBVV95cUxQZ1dqWG9TdGt3Qm43TVNoV09pcnRtMXFsWVNVT19FMzQzZWExUnZkRkptWkdEdnZGM1l1NGlfMDdnMV93ZV8ydVMtM253b2w3TjQ0LUt4ODdRaE92cWJzMzRRbEQtcmJKM2gwNVN5dExoNmVtTUd5TG0tSlNxeHM3c0I5T2o?oc=5\" target=\"_blank\" rel=\"nofollow noopener\">Kristjan Ilves tegi prooviv\u00f5istlusel hea h\u00fcppe<\/a>&nbsp;&nbsp;sport | ERR<\/li>\n<li><a href=\"https:\/\/news.google.com\/rss\/articles\/CBMivAFBVV95cUxNeUVMS2ZscElfY0QxNWd2aG9yWXltSDlHaGo4Vnp6bjhDWG5rTUZDZzcybkFKdDhRQWhLYlJCS2dJS3Y3QWZZMDk2MGJTaUN6U1hMQjFZUkM5MUk3VWVYRkYtM25MRUhrQ3I5Sjh1cDlTeTk4TENOMjZEY05CM3pTZUZQOTJ6VmtwMGI0eTNCSUhEVGJSeFJsRjRQclRiS3R4b3BlVjdXazNsSkJRbTlydi16QVBmR3l1UWRjbQ?oc=5\" target=\"_blank\" rel=\"nofollow noopener\">OTSEBLOGI | Kristjan Ilves l\u00f5petas Seefeldi MK-etapil suusas\u00f5idu teises k\u00fcmnes, kuidas l\u00e4heb h\u00fcppem\u00e4el?<\/a>&nbsp;&nbsp;Delfi Sport<\/li>\n<li><a href=\"https:\/\/news.google.com\/rss\/articles\/CBMirAFBVV95cUxOX05UUnJpR1ZJdHJBcDhUcXQ5bEwyemlJVmxaU2lic09UMk5jN2RzUWZVX2lGSHRyUkF2bFRPeEVtei1YVGpXdXByb1FXYURSa2dIelo5ZTBpRThsVEFXYWw3akdIdFFDRkxDZU1RSXFmVTluQXVOYkN6aUluXzZzTU1ZdEVyMHVaMmRMTzhKcWducVRKd05FQVI1Szdsd2VraTc4cHpQUldTdDFD?oc=5\" target=\"_blank\" rel=\"nofollow noopener\">TALISPORDIBLOGI | Kuidas liigub Kristjan Ilves ol\u00fcmpiam\u00e4ngude peaproovis?<\/a>&nbsp;&nbsp;\u00d5htuleht<\/li>\n<li><a href=\"https:\/\/news.google.com\/rss\/articles\/CBMisgFBVV95cUxPYWl2T1JCaHZqTUpkTEc5cDFwb1hKdk9DMUhzV1h4OURzUEw4Qlg3QzEzTmdfTVZKd3ZkS0dtTngxX2pmem1ZVzZFZXhtNkh2cjUzUmZ6WC1vVWNTdWtrdVpVbHJYT0t6cUNYdm5JWFBvb1Q3Q2M5T05HMk92NUsyeXNZaEhxeWtNN2pNOE1QYVZYQTU0QUR0SjlnLTB3NHdLdTVTR3NnQThWVUEwNGRrLVdR?oc=5\" target=\"_blank\" rel=\"nofollow noopener\">TALISPORDIBLOGI | OHUM\u00c4RK! Ilves j\u00e4i suusarajal parimatest ehmatavalt kaugele<\/a>&nbsp;&nbsp;\u00d5htuleht<\/li>\n<\/ol>\n","protected":false},"excerpt":{"rendered":"Kristjan Ilves tegi MK-etapi eelv\u00f5istlusel taas hea h\u00fcppe&nbsp;&nbsp;Postimees Sport Kristjan Ilves tegi prooviv\u00f5istlusel hea h\u00fcppe&nbsp;&nbsp;sport | ERR OTSEBLOGI&hellip;\n","protected":false},"author":2,"featured_media":97008,"comment_status":"","ping_status":"","sticky":false,"template":"","format":"standard","meta":{"footnotes":"","_share_on_mastodon":"0"},"categories":[18],"tags":[37,33,35,46962,34,36,29239,1684,4916,35428,46961,159,158,29236],"class_list":["post-97007","post","type-post","status-publish","format-standard","has-post-thumbnail","category-sport","tag-ee","tag-eesti","tag-eesti-keel","tag-einar-luraas-oftebro","tag-estonia","tag-estonian","tag-franz-josef-rehrl","tag-ilves","tag-milano-cortina","tag-oberhof","tag-richard-stenzel","tag-sport","tag-sports","tag-thomas-rettenegger"],"share_on_mastodon":{"url":"https:\/\/pubeurope.com\/@ee\/115984104444997813","error":""},"_links":{"self":[{"href":"https:\/\/www.europesays.com\/ee\/wp-json\/wp\/v2\/posts\/97007","targetHints":{"allow":["GET"]}}],"collection":[{"href":"https:\/\/www.europesays.com\/ee\/wp-json\/wp\/v2\/posts"}],"about":[{"href":"https:\/\/www.europesays.com\/ee\/wp-json\/wp\/v2\/types\/post"}],"author":[{"embeddable":true,"href":"https:\/\/www.europesays.com\/ee\/wp-json\/wp\/v2\/users\/2"}],"replies":[{"embeddable":true,"href":"https:\/\/www.europesays.com\/ee\/wp-json\/wp\/v2\/comments?post=97007"}],"version-history":[{"count":0,"href":"https:\/\/www.europesays.com\/ee\/wp-json\/wp\/v2\/posts\/97007\/revisions"}],"wp:featuredmedia":[{"embeddable":true,"href":"https:\/\/www.europesays.com\/ee\/wp-json\/wp\/v2\/media\/97008"}],"wp:attachment":[{"href":"https:\/\/www.europesays.com\/ee\/wp-json\/wp\/v2\/media?parent=97007"}],"wp:term":[{"taxonomy":"category","embeddable":true,"href":"https:\/\/www.europesays.com\/ee\/wp-json\/wp\/v2\/categories?post=97007"},{"taxonomy":"post_tag","embeddable":true,"href":"https:\/\/www.europesays.com\/ee\/wp-json\/wp\/v2\/tags?post=97007"}],"curies":[{"name":"wp","href":"https:\/\/api.w.org\/{rel}","templated":true}]}}