{"id":97173,"date":"2026-01-30T15:40:07","date_gmt":"2026-01-30T15:40:07","guid":{"rendered":"https:\/\/www.europesays.com\/ee\/97173\/"},"modified":"2026-01-30T15:40:07","modified_gmt":"2026-01-30T15:40:07","slug":"puuan-looduse-eest-seista-ja-koneleda-aga-et-see-presidendile-sellist-tahendust-omab","status":"publish","type":"post","link":"https:\/\/www.europesays.com\/ee\/97173\/","title":{"rendered":"p\u00fc\u00fcan looduse eest seista ja k\u00f5neleda, aga et see presidendile sellist t\u00e4hendust omab\u2026"},"content":{"rendered":"<p>\u00abV\u00e4ga tore! Olin k\u00fcll juba kuulnud, et mingi teenetem\u00e4rk, kuid n\u00fc\u00fcd tean milline,\u00bb lausus Sepp. \u00abIkka v\u00e4ga suur r\u00f5\u00f5m on! Natukene uskumatu, sest teen oma teadlaset\u00f6\u00f6d ja p\u00fc\u00fcan looduse eest seista ja k\u00f5neleda, aga et see presidendile sellist t\u00e4hendust omab\u2026 See teeb mulle v\u00e4ga r\u00f5\u00f5mu, sest praegu on geopoliitiliselt nii keeruline aeg. Et loodus ja teadus ikkagi ka riiklikul tasemel v\u00e4\u00e4rtustatud ja t\u00e4htsustatud on, see teeb ikka v\u00e4ga palju r\u00f5\u00f5mu. Mitte isegi isiklikul tasemel, vaid laiema ideena,\u00bb r\u00e4\u00e4kis Sepp.<\/p>\n","protected":false},"excerpt":{"rendered":"\u00abV\u00e4ga tore! Olin k\u00fcll juba kuulnud, et mingi teenetem\u00e4rk, kuid n\u00fc\u00fcd tean milline,\u00bb lausus Sepp. \u00abIkka v\u00e4ga suur&hellip;\n","protected":false},"author":2,"featured_media":97174,"comment_status":"","ping_status":"","sticky":false,"template":"","format":"standard","meta":{"footnotes":"","_share_on_mastodon":"0"},"categories":[12],"tags":[26,27,37,33,35,34,36,31,32,21,28,29,285,19,47044,25,20460,280,38702,23,24,22,20,30],"class_list":["post-97173","post","type-post","status-publish","format-standard","has-post-thumbnail","category-eesti","tag-breaking-news","tag-breakingnews","tag-ee","tag-eesti","tag-eesti-keel","tag-estonia","tag-estonian","tag-featured-news","tag-featurednews","tag-headlines","tag-latest-news","tag-latestnews","tag-loodus","tag-news","tag-pakri-saar","tag-populaarseimad-lood","tag-sepp","tag-teadus","tag-teenetemark","tag-top-stories","tag-topstories","tag-uldised-uudised","tag-uudised","tag-viimased-uudised"],"share_on_mastodon":{"url":"https:\/\/pubeurope.com\/@ee\/115984808242651772","error":""},"_links":{"self":[{"href":"https:\/\/www.europesays.com\/ee\/wp-json\/wp\/v2\/posts\/97173","targetHints":{"allow":["GET"]}}],"collection":[{"href":"https:\/\/www.europesays.com\/ee\/wp-json\/wp\/v2\/posts"}],"about":[{"href":"https:\/\/www.europesays.com\/ee\/wp-json\/wp\/v2\/types\/post"}],"author":[{"embeddable":true,"href":"https:\/\/www.europesays.com\/ee\/wp-json\/wp\/v2\/users\/2"}],"replies":[{"embeddable":true,"href":"https:\/\/www.europesays.com\/ee\/wp-json\/wp\/v2\/comments?post=97173"}],"version-history":[{"count":0,"href":"https:\/\/www.europesays.com\/ee\/wp-json\/wp\/v2\/posts\/97173\/revisions"}],"wp:featuredmedia":[{"embeddable":true,"href":"https:\/\/www.europesays.com\/ee\/wp-json\/wp\/v2\/media\/97174"}],"wp:attachment":[{"href":"https:\/\/www.europesays.com\/ee\/wp-json\/wp\/v2\/media?parent=97173"}],"wp:term":[{"taxonomy":"category","embeddable":true,"href":"https:\/\/www.europesays.com\/ee\/wp-json\/wp\/v2\/categories?post=97173"},{"taxonomy":"post_tag","embeddable":true,"href":"https:\/\/www.europesays.com\/ee\/wp-json\/wp\/v2\/tags?post=97173"}],"curies":[{"name":"wp","href":"https:\/\/api.w.org\/{rel}","templated":true}]}}