{"id":97226,"date":"2026-01-30T16:42:07","date_gmt":"2026-01-30T16:42:07","guid":{"rendered":"https:\/\/www.europesays.com\/ee\/97226\/"},"modified":"2026-01-30T16:42:07","modified_gmt":"2026-01-30T16:42:07","slug":"tanja-mihhailova-kummutab-tema-kohnumise-umber-kaivad-kuulujutud-moned-arvasid-et-hakkasin-ozempicut-tarvitama-kindlasti-mitte","status":"publish","type":"post","link":"https:\/\/www.europesays.com\/ee\/97226\/","title":{"rendered":"Tanja Mihhailova kummutab tema k\u00f5hnumise \u00fcmber k\u00e4ivad kuulujutud: m\u00f5ned arvasid, et hakkasin Ozempicut tarvitama \u2013 kindlasti mitte!"},"content":{"rendered":"<p>Tanja s\u00f5nul on tema praegune k\u00f5hnumine toimunud naturaalsel viisil, ravimeid tarvitamata. \u201eMitte midagi sellist ei ole, nagu m\u00f5ned arvasid, et ma hakkasin Ozempicut tarvitama \u2013 kindlasti mitte. Ja ei soovita \u00fcldse, kui ei ole arst v\u00e4lja kirjutanud,\u201c \u00fctles Tanja konkreetselt.<\/p>\n<p>\u201eLihtsalt kuidagi uus elur\u00fctm, trenn, liikumine, laval liigun ka ja kindlasti n\u00e4rvid ka aitasid kaasa&#8230;\u201c loetles Tanja oma k\u00f5hnumise p\u00f5hjuseid. Viimase mainituga viitas ta oma stressirohkele m\u00f6\u00f6dunud aastale, kus abikaasast Mikk Saarest lahku l\u00e4ks.<\/p>\n<p>T\u00e4navusele Eesti Muusikauhindade galale saabus Tanja taaskord oma hea s\u00f5branna, tuntud viiuldaja Mari-Liis Vendtiga. Ka m\u00f6\u00f6dunud aastal olid s\u00f5brannad teineteise saatjateks, kuid toona ei teadnud avalikkus, et Tanja abielu Mikk Saarega on karile jooksnud. Paar kuud p\u00e4rast Eesti Muusikaauhindade galat tuli \u00fcllatav uudis avalikuks.<\/p>\n<p><img decoding=\"async\" src=\"https:\/\/www.europesays.com\/ee\/wp-content\/uploads\/2026\/01\/02e1b85a-71c5-4320-a515-914f02699f5e.jpg\" loading=\"lazy\" alt=\"Eesti Muusikaauhinnad 2026\"\/><\/p>\n<p>Oktoobris kommenteeris Tanja Kroonikale l\u00e4bisaamist Mikuga j\u00e4rgnevalt: \u201eMe saame v\u00e4ga h\u00e4sti l\u00e4bi. Me n\u00e4eme v\u00e4ga tihti. Toimetame Teodoriga (Miku ja Tanja \u00fchine laps l\u00e4ks t\u00e4navu septembris esimesse klassi \u2013 toim).\u201c<\/p>\n<p>Ka septembris r\u00e4\u00e4kis Tanja \u201e\u00d5htu!\u201c saatele antud intervjuus, et nad ei ole Mikuga teineteise eludest kadunud, ent ta andis siiski m\u00f5ista, et vaatamata heale l\u00e4bisaamisele on \u00fcks etapp elus l\u00e4bi saanud.<\/p>\n<p>Kuidas see lugu Sind end tundma pani? Saada <a href=\"https:\/\/kroonika.delfi.ee\/artikkel\/120433005\/tanja-mihhailova-kummutab-tema-kohnenemise-umber-kaivad-kuulujud-moned-arvasid-et-hakkasin-ozempicut-tarvitama-kindlasti-mitte\/kommentaarid\" class=\"article-body-bottom__comment article-body-bottom__comment--write button button--primary button--size-auto\" rel=\"nofollow noopener\" target=\"_blank\"> Kommenteeri <\/a><a href=\"https:\/\/kroonika.delfi.ee\/artikkel\/120433005\/tanja-mihhailova-kummutab-tema-kohnenemise-umber-kaivad-kuulujud-moned-arvasid-et-hakkasin-ozempicut-tarvitama-kindlasti-mitte\/kommentaarid\" class=\"article-body-bottom__comment article-body-bottom__comment--read button button--size-auto\" rel=\"nofollow noopener\" target=\"_blank\"> Loe kommentaare (3)<\/a><\/p>\n","protected":false},"excerpt":{"rendered":"Tanja s\u00f5nul on tema praegune k\u00f5hnumine toimunud naturaalsel viisil, ravimeid tarvitamata. \u201eMitte midagi sellist ei ole, nagu m\u00f5ned&hellip;\n","protected":false},"author":2,"featured_media":97227,"comment_status":"","ping_status":"","sticky":false,"template":"","format":"standard","meta":{"footnotes":"","_share_on_mastodon":"0"},"categories":[16],"tags":[37,33,35,173,34,36,140,3401,10781],"class_list":["post-97226","post","type-post","status-publish","format-standard","has-post-thumbnail","category-meelelahutus","tag-ee","tag-eesti","tag-eesti-keel","tag-entertainment","tag-estonia","tag-estonian","tag-meelelahutus","tag-ozempic","tag-tanja-mihhailova-saar"],"share_on_mastodon":{"url":"https:\/\/pubeurope.com\/@ee\/115985052266087245","error":""},"_links":{"self":[{"href":"https:\/\/www.europesays.com\/ee\/wp-json\/wp\/v2\/posts\/97226","targetHints":{"allow":["GET"]}}],"collection":[{"href":"https:\/\/www.europesays.com\/ee\/wp-json\/wp\/v2\/posts"}],"about":[{"href":"https:\/\/www.europesays.com\/ee\/wp-json\/wp\/v2\/types\/post"}],"author":[{"embeddable":true,"href":"https:\/\/www.europesays.com\/ee\/wp-json\/wp\/v2\/users\/2"}],"replies":[{"embeddable":true,"href":"https:\/\/www.europesays.com\/ee\/wp-json\/wp\/v2\/comments?post=97226"}],"version-history":[{"count":0,"href":"https:\/\/www.europesays.com\/ee\/wp-json\/wp\/v2\/posts\/97226\/revisions"}],"wp:featuredmedia":[{"embeddable":true,"href":"https:\/\/www.europesays.com\/ee\/wp-json\/wp\/v2\/media\/97227"}],"wp:attachment":[{"href":"https:\/\/www.europesays.com\/ee\/wp-json\/wp\/v2\/media?parent=97226"}],"wp:term":[{"taxonomy":"category","embeddable":true,"href":"https:\/\/www.europesays.com\/ee\/wp-json\/wp\/v2\/categories?post=97226"},{"taxonomy":"post_tag","embeddable":true,"href":"https:\/\/www.europesays.com\/ee\/wp-json\/wp\/v2\/tags?post=97226"}],"curies":[{"name":"wp","href":"https:\/\/api.w.org\/{rel}","templated":true}]}}