{"id":97232,"date":"2026-01-30T16:46:26","date_gmt":"2026-01-30T16:46:26","guid":{"rendered":"https:\/\/www.europesays.com\/ee\/97232\/"},"modified":"2026-01-30T16:46:26","modified_gmt":"2026-01-30T16:46:26","slug":"liblikaroovik-kuuleb-helisid-kehakarvadega-loodus","status":"publish","type":"post","link":"https:\/\/www.europesays.com\/ee\/97232\/","title":{"rendered":"Liblikar\u00f6\u00f6vik kuuleb helisid kehakarvadega | Loodus"},"content":{"rendered":"<p>Liblikar\u00f6\u00f6vikul ei ole k\u00f5rvu. Kuid see ei t\u00e4henda, et ta ei kuule. Kuuleb k\u00fcll, v\u00e4ikeste karvakeste abil, mis ta keha katavad.<\/p>\n<p>Ameerika \u00dchendriikides New Yorgi osariigis tegutseva Binghamptoni \u00dclikooli teadlased on uurinud tubakasuru r\u00f6\u00f6viku mikrokarvu ja saanud muu hulgas inspiratsiooni uutmoodi mikrofonide v\u00e4lja t\u00f6\u00f6tamiseks.<\/p>\n<p>Uuringuteema sai alguse aastaid tagasi, kui \u00fcks teadlane pani t\u00e4hele, et kui ta oma kolleegidega juttu ajas, siis laboris kasvatatavad r\u00f6\u00f6vikud justkui v\u00f5patasid pisut tema h\u00e4\u00e4le peale.<\/p>\n<p>Nii otsustasidki teadlased v\u00e4lja selgitada, kas tubakasuru, levinud tubakakahjuri r\u00f6\u00f6vikud t\u00f5epoolest kuulevad helisid, kuigi neil k\u00f5rvu ei ole.<\/p>\n<p><img decoding=\"async\" style=\"width: 100%;\" src=\"https:\/\/www.europesays.com\/ee\/wp-content\/uploads\/2025\/09\/558447h58e7.png\"\/><\/p>\n<p>Teadlased tegid katseid \u00fches maailma kajavabamas katsekambris, kus said t\u00e4pselt kontrollida, millised helid seal tegelikult k\u00f5lasid ja r\u00f6\u00f6vikute karvu ulatusid. Alguses nad muidugi veel ei teadnud, et r\u00f6\u00f6vikud karvadega kuulevad.<\/p>\n<p>Nad lasksid seal kambris k\u00f5lada mitmesugustel helidel, lastes samal ajal ka kambri seintel ja p\u00f5randal kas kaasa vibreerida v\u00f5i mitte \u2014 et teada saada, kas r\u00f6\u00f6vikud reageerivad \u00f5hu v\u00f5i hoopis tahkispinna v\u00f5nkumisele, jalgade kaudu.<\/p>\n<p>Katse n\u00e4itas, et r\u00f6\u00f6vikud reageerisid \u00f5hus k\u00f5lanud helidele k\u00fcmme kuni sada korda tundlikumalt kui tahkel pinnal levinud v\u00f5nkumistele.<\/p>\n<p>J\u00e4rgmises katsevoorus t\u00f5mbasid teadlased katser\u00f6\u00f6vikutelt karvad v\u00e4lja ja vaatasid, kuidas nad siis helidele reageerisid.<\/p>\n<p>Selgus, et reageerisid palju v\u00e4hem. Nii v\u00f5ibki v\u00e4ita, et just karvadega r\u00f6\u00f6vikud helisid tunnetavadki.<\/p>\n<p>Teadusr\u00fchma juht Ronald Miles tegi uuringust ja selle tulemustest ettekande Ameerika Akustika\u00fchingu ja Jaapani Akustika\u00fchingu \u00fchisel konverentsil Honolulus.<\/p>\n<p>Teadlased oletavad, et tubakasuru r\u00f6\u00f6vik on evolutsiooni tulemusel karvadega kuulmise v\u00f5imeni j\u00f5udnud, sest see aitab tal m\u00e4rgata oma looduslikke vaenlasi herilasi, kui need tiibade p\u00f5rinal l\u00e4henevad.<\/p>\n<p>Helide kuulmise v\u00f5imet on teada mitmegi putukar\u00fchma valmikute ja vastsete juures, kuulmise mehhanismid v\u00f5ivad aga olla p\u00e4ris erisugused. On arvatud, et kuulmine on putukate seas v\u00e4lja kujunenud v\u00e4hemalt 19 s\u00f5ltumatul korral.<\/p>\n<p>Teadusuudised on Vikerraadios eetris esmasp\u00e4evast reedeni ca kell 8.35 ja laup\u00e4eval ca kell 8.25.<\/p>\n","protected":false},"excerpt":{"rendered":"Liblikar\u00f6\u00f6vikul ei ole k\u00f5rvu. Kuid see ei t\u00e4henda, et ta ei kuule. Kuuleb k\u00fcll, v\u00e4ikeste karvakeste abil, mis&hellip;\n","protected":false},"author":2,"featured_media":97233,"comment_status":"","ping_status":"","sticky":false,"template":"","format":"standard","meta":{"footnotes":"","_share_on_mastodon":"0"},"categories":[12],"tags":[26,27,37,33,35,34,36,31,32,21,47052,10878,28,29,7172,19,25,47051,23,24,47053,22,20,30],"class_list":["post-97232","post","type-post","status-publish","format-standard","has-post-thumbnail","category-eesti","tag-breaking-news","tag-breakingnews","tag-ee","tag-eesti","tag-eesti-keel","tag-estonia","tag-estonian","tag-featured-news","tag-featurednews","tag-headlines","tag-karvad","tag-kuulmine","tag-latest-news","tag-latestnews","tag-liblikas","tag-news","tag-populaarseimad-lood","tag-roovik","tag-top-stories","tag-topstories","tag-tubakasuru","tag-uldised-uudised","tag-uudised","tag-viimased-uudised"],"share_on_mastodon":{"url":"https:\/\/pubeurope.com\/@ee\/115985067843515714","error":""},"_links":{"self":[{"href":"https:\/\/www.europesays.com\/ee\/wp-json\/wp\/v2\/posts\/97232","targetHints":{"allow":["GET"]}}],"collection":[{"href":"https:\/\/www.europesays.com\/ee\/wp-json\/wp\/v2\/posts"}],"about":[{"href":"https:\/\/www.europesays.com\/ee\/wp-json\/wp\/v2\/types\/post"}],"author":[{"embeddable":true,"href":"https:\/\/www.europesays.com\/ee\/wp-json\/wp\/v2\/users\/2"}],"replies":[{"embeddable":true,"href":"https:\/\/www.europesays.com\/ee\/wp-json\/wp\/v2\/comments?post=97232"}],"version-history":[{"count":0,"href":"https:\/\/www.europesays.com\/ee\/wp-json\/wp\/v2\/posts\/97232\/revisions"}],"wp:featuredmedia":[{"embeddable":true,"href":"https:\/\/www.europesays.com\/ee\/wp-json\/wp\/v2\/media\/97233"}],"wp:attachment":[{"href":"https:\/\/www.europesays.com\/ee\/wp-json\/wp\/v2\/media?parent=97232"}],"wp:term":[{"taxonomy":"category","embeddable":true,"href":"https:\/\/www.europesays.com\/ee\/wp-json\/wp\/v2\/categories?post=97232"},{"taxonomy":"post_tag","embeddable":true,"href":"https:\/\/www.europesays.com\/ee\/wp-json\/wp\/v2\/tags?post=97232"}],"curies":[{"name":"wp","href":"https:\/\/api.w.org\/{rel}","templated":true}]}}