{"id":97240,"date":"2026-01-30T17:05:07","date_gmt":"2026-01-30T17:05:07","guid":{"rendered":"https:\/\/www.europesays.com\/ee\/97240\/"},"modified":"2026-01-30T17:05:07","modified_gmt":"2026-01-30T17:05:07","slug":"daniil-glinka-joudis-teist-turniiri-jarjest-poolfinaali","status":"publish","type":"post","link":"https:\/\/www.europesays.com\/ee\/97240\/","title":{"rendered":"Daniil Glinka j\u00f5udis teist turniiri j\u00e4rjest poolfinaali"},"content":{"rendered":"<p>Daniil Glinka v\u00f5itis reedel Portugalis Oeirases Challenger 75 tenniseturniiri veerandfinaalis hispaanlast Pablo Llamas Ruizi (ATP 213.) ja j\u00f5udis poolfinaali.<\/p>\n<p>Glinka v\u00f5itis esimese seti 6:2, kaotas teise seti 3:6, kuid v\u00f5itis kolmanda 7:6. Glinka v\u00f5itis \u00e4ral\u00f6\u00f6gid 26:24, kuid tegi 44 viga vastase 42 vastu. Punktide suhe v\u00f5rreldes hispaanlasega oli Glinka kasuks 102:99.<\/p>\n","protected":false},"excerpt":{"rendered":"Daniil Glinka v\u00f5itis reedel Portugalis Oeirases Challenger 75 tenniseturniiri veerandfinaalis hispaanlast Pablo Llamas Ruizi (ATP 213.) ja j\u00f5udis&hellip;\n","protected":false},"author":2,"featured_media":96009,"comment_status":"","ping_status":"","sticky":false,"template":"","format":"standard","meta":{"footnotes":"","_share_on_mastodon":"0"},"categories":[18],"tags":[37,33,35,34,36,47055,46174,42136,46172,159,158],"class_list":["post-97240","post","type-post","status-publish","format-standard","has-post-thumbnail","category-sport","tag-ee","tag-eesti","tag-eesti-keel","tag-estonia","tag-estonian","tag-federico-ferreira-silva","tag-gastao-elias","tag-glinka","tag-mihhail-kukuskin","tag-sport","tag-sports"],"share_on_mastodon":{"url":"https:\/\/pubeurope.com\/@ee\/115985142447563336","error":""},"_links":{"self":[{"href":"https:\/\/www.europesays.com\/ee\/wp-json\/wp\/v2\/posts\/97240","targetHints":{"allow":["GET"]}}],"collection":[{"href":"https:\/\/www.europesays.com\/ee\/wp-json\/wp\/v2\/posts"}],"about":[{"href":"https:\/\/www.europesays.com\/ee\/wp-json\/wp\/v2\/types\/post"}],"author":[{"embeddable":true,"href":"https:\/\/www.europesays.com\/ee\/wp-json\/wp\/v2\/users\/2"}],"replies":[{"embeddable":true,"href":"https:\/\/www.europesays.com\/ee\/wp-json\/wp\/v2\/comments?post=97240"}],"version-history":[{"count":0,"href":"https:\/\/www.europesays.com\/ee\/wp-json\/wp\/v2\/posts\/97240\/revisions"}],"wp:featuredmedia":[{"embeddable":true,"href":"https:\/\/www.europesays.com\/ee\/wp-json\/wp\/v2\/media\/96009"}],"wp:attachment":[{"href":"https:\/\/www.europesays.com\/ee\/wp-json\/wp\/v2\/media?parent=97240"}],"wp:term":[{"taxonomy":"category","embeddable":true,"href":"https:\/\/www.europesays.com\/ee\/wp-json\/wp\/v2\/categories?post=97240"},{"taxonomy":"post_tag","embeddable":true,"href":"https:\/\/www.europesays.com\/ee\/wp-json\/wp\/v2\/tags?post=97240"}],"curies":[{"name":"wp","href":"https:\/\/api.w.org\/{rel}","templated":true}]}}