{"id":97345,"date":"2026-01-30T19:45:13","date_gmt":"2026-01-30T19:45:13","guid":{"rendered":"https:\/\/www.europesays.com\/ee\/97345\/"},"modified":"2026-01-30T19:45:13","modified_gmt":"2026-01-30T19:45:13","slug":"suuria-valitsus-ja-kurdid-solmisid-loimumiskokkuleppe","status":"publish","type":"post","link":"https:\/\/www.europesays.com\/ee\/97345\/","title":{"rendered":"S\u00fc\u00fcria valitsus ja kurdid s\u00f5lmisid l\u00f5imumiskokkuleppe"},"content":{"rendered":"<p>Pooled teatasid kokkuleppest p\u00e4rast n\u00e4dalaid kestnud kokkup\u00f5rkeid, mille k\u00e4igus h\u00f5ivasid S\u00fc\u00fcria valitsusv\u00e4ed riigi kirdeosas territooriumi, mis on olnud kurdide juhitud S\u00fc\u00fcria Demokraatlike J\u00f5udude (SDJ) kontrolli all \u00fcle k\u00fcmne aasta, vahendab BBC News.<\/p>\n<p><a rel=\"noopener nofollow\" target=\"_blank\" href=\"https:\/\/www.delfi.ee\/teema\/22971743\/usa\" tag-id=\"22971743\">USA<\/a> eriesindaja Tom Barrack nimetas seda t\u00e4hendusrikkaks ja ajalooliseks verstapostiks S\u00fc\u00fcria teel rahvusliku leppimise, \u00fchtsuse ja kestva stabiilsuse suunas.<\/p>\n<p>Varem sel kuul n\u00f5ustus SDJ p\u00e4rast territooriumide kaotust relvarahuga, mille j\u00e4rel l\u00e4ks suur osa selle kantsist valitsuse kontrolli alla, aga teated kokkup\u00f5rgetest j\u00e4tkusid.<\/p>\n<p>T\u00e4nase kokkuleppe j\u00e4rgi peaks SDJ kontaktipunktidest tagasi t\u00f5mbuma, selle liikmed peaksid \u00fchinema S\u00fc\u00fcria armee ja valitsusega ning selle administratiiv- ja tsiviilorganid peaksid l\u00f5imuma riigiga.<\/p>\n<p>SDJ teatas, et kokkulepe h\u00f5lmab ka diviisi loomist S\u00fc\u00fcria s\u00f5jav\u00e4es, mis koosneb kolmest SDJ-i liikmete brigaadist.<\/p>\n<p>X-is avaldatud teates \u00f6eldakse, et j\u00f5uti ka kokkuleppele kurdide tsiviil- ja haridus\u00f5iguste \u00fcle ning anti garantii, et kodudest lahkuma pidanutel lubatakse naasta.<\/p>\n<p>Kokkuleppe osana l\u00e4hevad vanglad ning nafta- ja gaasiv\u00e4ljad SDJ alluvusest <a rel=\"noopener nofollow\" target=\"_blank\" href=\"https:\/\/www.delfi.ee\/teema\/61517332\/damaskus\" tag-id=\"61517332\">Damaskuse<\/a> kontrolli alla.<\/p>\n<p>Kurdid kontrollisid varem ligi kolmandikku S\u00fc\u00fcria territooriumist. Neid toetas USA, mis aitas kurdidel Islamiriigist jagu saada.<\/p>\n<p>S\u00fc\u00fcria president <a rel=\"noopener nofollow\" target=\"_blank\" href=\"https:\/\/www.delfi.ee\/teema\/96866231\/ahmed-al-sharaa\" tag-id=\"96866231\">Ahmed al-Sharaa<\/a> on lubanud p\u00e4rast <a rel=\"noopener nofollow\" target=\"_blank\" href=\"https:\/\/www.delfi.ee\/teema\/56940806\/bashar-al-assad\" tag-id=\"56940806\">Bashar al-Assadi<\/a> re\u017eiimi kukutamist riigi taas \u00fchendada. P\u00e4rast 18. jaanuari relvarahukokkulepet \u00fctles Sharaa, et loodab, et see v\u00f5imaldab riigil l\u00f5hestatusele l\u00f5pp teha ning liikuda \u00fchtsuse ja arengu seisundisse.<\/p>\n<p>Sharaa andis v\u00e4lja ka m\u00e4\u00e4ruse, mis tunnustab kurdide kultuurilisi, keelelisi ja kodaniku\u00f5igusi, muutes kurdi keele riigikeeleks, andes kodakondsuseta kurdidele kodakondsuse ja kuulutades nende uue aasta riigip\u00fchaks.<\/p>\n<p>See on esimene kurdide rahvuslike \u00f5iguste tunnustamine p\u00e4rast S\u00fc\u00fcria iseseisvumist 1946. aastal.<\/p>\n<p>Kuidas see lugu Sind end tundma pani? Saada <a href=\"https:\/\/www.delfi.ee\/artikkel\/120432965\/suuria-valitsus-ja-kurdid-solmisid-loimumiskokkuleppe\/kommentaarid\" class=\"article-body-bottom__comment article-body-bottom__comment--write button button--primary button--size-auto\" rel=\"nofollow noopener\" target=\"_blank\"> Kommenteeri <\/a><a href=\"https:\/\/www.delfi.ee\/artikkel\/120432965\/suuria-valitsus-ja-kurdid-solmisid-loimumiskokkuleppe\/kommentaarid\" class=\"article-body-bottom__comment article-body-bottom__comment--read button button--size-auto\" rel=\"nofollow noopener\" target=\"_blank\"> Loe kommentaare (13)<\/a><\/p>\n","protected":false},"excerpt":{"rendered":"Pooled teatasid kokkuleppest p\u00e4rast n\u00e4dalaid kestnud kokkup\u00f5rkeid, mille k\u00e4igus h\u00f5ivasid S\u00fc\u00fcria valitsusv\u00e4ed riigi kirdeosas territooriumi, mis on olnud&hellip;\n","protected":false},"author":2,"featured_media":97346,"comment_status":"","ping_status":"","sticky":false,"template":"","format":"standard","meta":{"footnotes":"","_share_on_mastodon":"0"},"categories":[80],"tags":[5950,9128,26,27,36298,37,33,35,34,36,31,32,21,9585,22387,28,29,95,19,25,1604,23,24,22,325,20,30,92,93,94],"class_list":["post-97345","post","type-post","status-publish","format-standard","has-post-thumbnail","category-maailm","tag-ahmed-al-sharaa","tag-bashar-al-assad","tag-breaking-news","tag-breakingnews","tag-damaskus","tag-ee","tag-eesti","tag-eesti-keel","tag-estonia","tag-estonian","tag-featured-news","tag-featurednews","tag-headlines","tag-islamiriik","tag-kurdid","tag-latest-news","tag-latestnews","tag-maailm","tag-news","tag-populaarseimad-lood","tag-suuria","tag-top-stories","tag-topstories","tag-uldised-uudised","tag-usa","tag-uudised","tag-viimased-uudised","tag-world","tag-world-news","tag-worldnews"],"share_on_mastodon":{"url":"https:\/\/pubeurope.com\/@ee\/115985771633449826","error":""},"_links":{"self":[{"href":"https:\/\/www.europesays.com\/ee\/wp-json\/wp\/v2\/posts\/97345","targetHints":{"allow":["GET"]}}],"collection":[{"href":"https:\/\/www.europesays.com\/ee\/wp-json\/wp\/v2\/posts"}],"about":[{"href":"https:\/\/www.europesays.com\/ee\/wp-json\/wp\/v2\/types\/post"}],"author":[{"embeddable":true,"href":"https:\/\/www.europesays.com\/ee\/wp-json\/wp\/v2\/users\/2"}],"replies":[{"embeddable":true,"href":"https:\/\/www.europesays.com\/ee\/wp-json\/wp\/v2\/comments?post=97345"}],"version-history":[{"count":0,"href":"https:\/\/www.europesays.com\/ee\/wp-json\/wp\/v2\/posts\/97345\/revisions"}],"wp:featuredmedia":[{"embeddable":true,"href":"https:\/\/www.europesays.com\/ee\/wp-json\/wp\/v2\/media\/97346"}],"wp:attachment":[{"href":"https:\/\/www.europesays.com\/ee\/wp-json\/wp\/v2\/media?parent=97345"}],"wp:term":[{"taxonomy":"category","embeddable":true,"href":"https:\/\/www.europesays.com\/ee\/wp-json\/wp\/v2\/categories?post=97345"},{"taxonomy":"post_tag","embeddable":true,"href":"https:\/\/www.europesays.com\/ee\/wp-json\/wp\/v2\/tags?post=97345"}],"curies":[{"name":"wp","href":"https:\/\/api.w.org\/{rel}","templated":true}]}}