{"id":97382,"date":"2026-01-30T21:27:06","date_gmt":"2026-01-30T21:27:06","guid":{"rendered":"https:\/\/www.europesays.com\/ee\/97382\/"},"modified":"2026-01-30T21:27:06","modified_gmt":"2026-01-30T21:27:06","slug":"vene-pool-ei-tunnista-jatkuvalt-detsembrikuist-ebaseaduslikku-piiriuletust","status":"publish","type":"post","link":"https:\/\/www.europesays.com\/ee\/97382\/","title":{"rendered":"Vene pool ei tunnista j\u00e4tkuvalt detsembrikuist ebaseaduslikku piiri\u00fcletust"},"content":{"rendered":"<p>Eesti ja Vene piiriesindajad kohtusid                                           t\u00e4na Venemaal Krupa piirkonnas, et arutada 17. detsembril Narva j\u00f5el Vasknarva muulil                                          toimunud ebaseaduslikku piiri\u00fcletust, kus kolm Venemaa piirivalvurit sisenesid Eesti territooriumile. <\/p>\n<p>Toonasele piirivahejuhtumile reageeris mitu Eesti piirivalvepatrulli.          S\u00fcndmustik fikseeriti seireseadmetega ning Eesti piirivalvurid tegid muulil piirijuhtumi j\u00e4rel ka esmase kontrolli. Vene                                                                poolt selgituste saamiseks loodi ametlik kontakt Vene piiriesindusega ning v\u00e4lisministeerium        kutsus v\u00e4lja Venemaa saatkonna ajutise asjuri.<\/p>\n<p>\u201eVenemaa Eesti poolt fikseeritud ebaseaduslikku piiri\u00fcletust j\u00e4tkuvalt ei         tunnistanud. Selline k\u00e4itumine on osa Venemaa viimaste aastate mustrist, kus sisulist lahendust leida ei soovita,\u201c nentis                Eesti piiriesindaja Andris Viltsin. \u201eR\u00f5hutasin vajadust hoiduda edaspidi Venemaa poolsest ebaseaduslikust tegevusest ja uutest intsidentidest piiril.\u201c<\/p>\n<p>Viltsin lisas, et PPA piiriesindajate tasemel kohtumisi selles k\u00fcsimuses ei j\u00e4tka. <\/p>\n<p>Tema s\u00f5nul on PPA viimaste aastate                                                          jooksul t\u00f5hustanud piiri valvamise meetmeid ning valmisolekut provokatsioonidele reageerida. \u201eEesti j\u00e4tkab piiri valvamist nii                                        Vasknarva l\u00f5igul kui ka \u00fclej\u00e4\u00e4nud senistel alustel,\u201c kinnitas Viltsin.<\/p>\n<p>Kuidas see lugu Sind end tundma pani? Saada <a href=\"https:\/\/www.delfi.ee\/artikkel\/120433047\/vene-pool-ei-tunnista-jatkuvalt-detsembrikuist-ebaseaduslikku-piiriuletust\/kommentaarid\" class=\"article-body-bottom__comment article-body-bottom__comment--write button button--primary button--size-auto\" rel=\"nofollow noopener\" target=\"_blank\"> Kommenteeri <\/a><a href=\"https:\/\/www.delfi.ee\/artikkel\/120433047\/vene-pool-ei-tunnista-jatkuvalt-detsembrikuist-ebaseaduslikku-piiriuletust\/kommentaarid\" class=\"article-body-bottom__comment article-body-bottom__comment--read button button--size-auto\" rel=\"nofollow noopener\" target=\"_blank\"> Loe kommentaare (11)<\/a><\/p>\n","protected":false},"excerpt":{"rendered":"Eesti ja Vene piiriesindajad kohtusid t\u00e4na Venemaal Krupa piirkonnas, et arutada 17. detsembril Narva j\u00f5el Vasknarva muulil toimunud&hellip;\n","protected":false},"author":2,"featured_media":97383,"comment_status":"","ping_status":"","sticky":false,"template":"","format":"standard","meta":{"footnotes":"","_share_on_mastodon":"0"},"categories":[5],"tags":[26,27,37,33,35,10495,34,36,31,32,21,28,29,19,25,23,24,22,20,12906,96,30],"class_list":["post-97382","post","type-post","status-publish","format-standard","has-post-thumbnail","category-uldised-uudised","tag-breaking-news","tag-breakingnews","tag-ee","tag-eesti","tag-eesti-keel","tag-eesti-vene-piir","tag-estonia","tag-estonian","tag-featured-news","tag-featurednews","tag-headlines","tag-latest-news","tag-latestnews","tag-news","tag-populaarseimad-lood","tag-top-stories","tag-topstories","tag-uldised-uudised","tag-uudised","tag-vasknarva","tag-venemaa","tag-viimased-uudised"],"share_on_mastodon":{"url":"https:\/\/pubeurope.com\/@ee\/115986172633661290","error":""},"_links":{"self":[{"href":"https:\/\/www.europesays.com\/ee\/wp-json\/wp\/v2\/posts\/97382","targetHints":{"allow":["GET"]}}],"collection":[{"href":"https:\/\/www.europesays.com\/ee\/wp-json\/wp\/v2\/posts"}],"about":[{"href":"https:\/\/www.europesays.com\/ee\/wp-json\/wp\/v2\/types\/post"}],"author":[{"embeddable":true,"href":"https:\/\/www.europesays.com\/ee\/wp-json\/wp\/v2\/users\/2"}],"replies":[{"embeddable":true,"href":"https:\/\/www.europesays.com\/ee\/wp-json\/wp\/v2\/comments?post=97382"}],"version-history":[{"count":0,"href":"https:\/\/www.europesays.com\/ee\/wp-json\/wp\/v2\/posts\/97382\/revisions"}],"wp:featuredmedia":[{"embeddable":true,"href":"https:\/\/www.europesays.com\/ee\/wp-json\/wp\/v2\/media\/97383"}],"wp:attachment":[{"href":"https:\/\/www.europesays.com\/ee\/wp-json\/wp\/v2\/media?parent=97382"}],"wp:term":[{"taxonomy":"category","embeddable":true,"href":"https:\/\/www.europesays.com\/ee\/wp-json\/wp\/v2\/categories?post=97382"},{"taxonomy":"post_tag","embeddable":true,"href":"https:\/\/www.europesays.com\/ee\/wp-json\/wp\/v2\/tags?post=97382"}],"curies":[{"name":"wp","href":"https:\/\/api.w.org\/{rel}","templated":true}]}}